{"id":73,"date":"2010-03-21T11:41:17","date_gmt":"2010-03-21T11:41:17","guid":{"rendered":"http:\/\/anscharius.wordpress.com\/2010\/03\/21\/der-erste-tag-%e2%80%93-taganana-und-benijo"},"modified":"2010-03-21T11:41:17","modified_gmt":"2010-03-21T11:41:17","slug":"der-erste-tag-taganana-und-benijo","status":"publish","type":"post","link":"https:\/\/www.nikonhumors.com\/?p=73","title":{"rendered":"Der erste Tag \u2013 Taganana und Benijo"},"content":{"rendered":"<div id=\"msgcns!EAB5C6B74AC48440!2288\" class=\"bvMsg\">\n<p>Nach dem Genuss des besten Fr\u00fchst\u00fccksbuffet der Welt geht es schnell ins gro\u00dfe Einkaufszentrum in Los Realejos. Badehose, Sonnenbrille, K\u00e4ppi, Getr\u00e4nke\u2026 dann weiter Richtung La Laguna. Auf H\u00f6he des Flughafens Tenerife Norte geht es von der Autobahn ab und dann an der historischen Altstadt von La Laguna vorbei. In La Laguna hat vor ein paar Wochen bei den schweren Unwettern die ganze Altstadt unter Wasser gestanden. Heute stehen schon ein paar Baukr\u00e4ne herum um das UNESCO Weltkulturerbe wieder herzurichten.<\/p>\n<p>Weiter geht es durch das urw\u00fcchsige Anaga-Gebirge. Insgeheim hoffe ich auf Nebel, denn dann k\u00f6nnte ich nach all den Jahren vielleicht endlich mal ein paar Fotos im ber\u00fchmten Nebelwald machen. Aber es gibt keinen Nebel! Statt dessen ist der Himmel tr\u00fcb und verhangen. Aber egal, die Stimmung ist gut und der Tag am Meer bei Taganana und Benijo ist wunderbar.<\/p>\n<p>Um 18h geht es in der Finca kurz ans Notebook \u2013 BLOG muss sein!<\/p>\n<p>Dann schnell ein paar Fotos anschauen und dann gibt es ein mit hoher Wahrscheinlichkeit \u00fcberragendes Abendessen!<\/p>\n<h2>Update um 22h:<\/h2>\n<p>Das Essen war wieder gro\u00dfartig! Nach einer italienischen Vorspeise gab es leckere Fischfilets auf Teigwaren. Als Dessert ein kleines T\u00f6rtchen mit Waldbeeren in einem kleinen Meer aus Eierlik\u00f6r und Erdbeeren \u2013 so kann man es hier ertragen :-) Ein nettes Paar aus Bamberg ist auch angereist, da gibt es gleich jemanden zum Schw\u00e4tzen.<\/p>\n<p>Hier noch schnell die Bilder des Tages und dann ab ins Bettchen\u2026<\/p>\n<p><a rel=\"WLPP\" href=\"http:\/\/anscharius.files.wordpress.com\/2010\/03\/dsc04402.jpg\"><img loading=\"lazy\" decoding=\"async\" style=\"display:inline;border-width:0;\" title=\"_DSC0440\" src=\"http:\/\/anscharius.files.wordpress.com\/2010\/03\/dsc04402.jpg?w=300\" border=\"0\" alt=\"_DSC0440\" width=\"244\" height=\"167\" \/><\/a> <a rel=\"WLPP\" href=\"http:\/\/anscharius.files.wordpress.com\/2010\/03\/dsc04732.jpg\"><img loading=\"lazy\" decoding=\"async\" style=\"display:inline;border-width:0;\" title=\"_DSC0473\" src=\"http:\/\/anscharius.files.wordpress.com\/2010\/03\/dsc04732.jpg?w=300\" border=\"0\" alt=\"_DSC0473\" width=\"244\" height=\"167\" \/><\/a><\/p>\n<p><a rel=\"WLPP\" href=\"http:\/\/anscharius.files.wordpress.com\/2010\/03\/dsc05412.jpg\"><img loading=\"lazy\" decoding=\"async\" style=\"display:inline;border-width:0;\" title=\"_DSC0541\" src=\"http:\/\/anscharius.files.wordpress.com\/2010\/03\/dsc05412.jpg?w=300\" border=\"0\" alt=\"_DSC0541\" width=\"244\" height=\"167\" \/><\/a>\u00a0<a rel=\"WLPP\" href=\"http:\/\/anscharius.files.wordpress.com\/2010\/03\/dsc05705.jpg\"><img loading=\"lazy\" decoding=\"async\" style=\"display:inline;border-width:0;\" title=\"_DSC0570\" src=\"http:\/\/anscharius.files.wordpress.com\/2010\/03\/dsc05705.jpg?w=300\" border=\"0\" alt=\"_DSC0570\" width=\"244\" height=\"167\" \/><\/a><\/p>\n<\/div>\n","protected":false},"excerpt":{"rendered":"<p>Nach dem Genuss des besten Fr\u00fchst\u00fccksbuffet der Welt geht es schnell ins gro\u00dfe Einkaufszentrum in Los Realejos. Badehose, Sonnenbrille, K\u00e4ppi, Getr\u00e4nke\u2026 dann weiter Richtung La Laguna. Auf H\u00f6he des Flughafens Tenerife Norte geht es von der Autobahn ab und dann an der historischen Altstadt von La Laguna vorbei. In La Laguna hat vor ein paar [&hellip;]<\/p>\n","protected":false},"author":2,"featured_media":0,"comment_status":"open","ping_status":"open","sticky":false,"template":"","format":"standard","meta":{"jetpack_post_was_ever_published":false,"_jetpack_newsletter_access":"","_jetpack_dont_email_post_to_subs":false,"_jetpack_newsletter_tier_id":0,"_jetpack_memberships_contains_paywalled_content":false,"_jetpack_memberships_contains_paid_content":false,"footnotes":"","jetpack_publicize_message":"","jetpack_publicize_feature_enabled":true,"jetpack_social_post_already_shared":false,"jetpack_social_options":{"image_generator_settings":{"template":"highway","default_image_id":0,"enabled":false},"version":2}},"categories":[6,13],"tags":[99,23,97],"class_list":["post-73","post","type-post","status-publish","format-standard","hentry","category-fotografie","category-nikon","tag-taganana","tag-teneriffa","tag-wandern"],"jetpack_publicize_connections":[],"jetpack_featured_media_url":"","jetpack_shortlink":"https:\/\/wp.me\/p2px01-1b","jetpack_sharing_enabled":true,"_links":{"self":[{"href":"https:\/\/www.nikonhumors.com\/index.php?rest_route=\/wp\/v2\/posts\/73","targetHints":{"allow":["GET"]}}],"collection":[{"href":"https:\/\/www.nikonhumors.com\/index.php?rest_route=\/wp\/v2\/posts"}],"about":[{"href":"https:\/\/www.nikonhumors.com\/index.php?rest_route=\/wp\/v2\/types\/post"}],"author":[{"embeddable":true,"href":"https:\/\/www.nikonhumors.com\/index.php?rest_route=\/wp\/v2\/users\/2"}],"replies":[{"embeddable":true,"href":"https:\/\/www.nikonhumors.com\/index.php?rest_route=%2Fwp%2Fv2%2Fcomments&post=73"}],"version-history":[{"count":0,"href":"https:\/\/www.nikonhumors.com\/index.php?rest_route=\/wp\/v2\/posts\/73\/revisions"}],"wp:attachment":[{"href":"https:\/\/www.nikonhumors.com\/index.php?rest_route=%2Fwp%2Fv2%2Fmedia&parent=73"}],"wp:term":[{"taxonomy":"category","embeddable":true,"href":"https:\/\/www.nikonhumors.com\/index.php?rest_route=%2Fwp%2Fv2%2Fcategories&post=73"},{"taxonomy":"post_tag","embeddable":true,"href":"https:\/\/www.nikonhumors.com\/index.php?rest_route=%2Fwp%2Fv2%2Ftags&post=73"}],"curies":[{"name":"wp","href":"https:\/\/api.w.org\/{rel}","templated":true}]}}