{"id":67,"date":"2010-03-23T18:56:38","date_gmt":"2010-03-23T18:56:38","guid":{"rendered":"http:\/\/anscharius.wordpress.com\/2010\/03\/23\/wandern-am-guerges-steig"},"modified":"2010-03-23T18:56:38","modified_gmt":"2010-03-23T18:56:38","slug":"wandern-am-guerges-steig","status":"publish","type":"post","link":"https:\/\/www.nikonhumors.com\/?p=67","title":{"rendered":"Wandern am Guerges-Steig"},"content":{"rendered":"<div id=\"msgcns!EAB5C6B74AC48440!2363\" class=\"bvMsg\">\n<p>Heute soll es eine kleine Abschlusswanderung mit Edith und Wolfgang geben. Wolfgang ist um 10h unten im Hotel, er hat es tats\u00e4chlich gefunden :-) Mit seinem Auto geht es hoch \u00fcber die D\u00e4cher von Garachico. An einem Mirador laden wir die Edith ein. Dann geht es \u00fcber Santiago del Teide zum Einstieg in den Guerges-Steig. Den Namen hat dieser Wanderweg wohl von der Finca die man am Ende des Weges nach etlichen M\u00fchen erreicht. Inzwischen ist sie wohl verlassen und w\u00e4hrend wir dorthin wandern verstehe ich auch warum!<\/p>\n<p>Meine Wanderschuhe habe ich daheim in Bonn vergessen und Wanderst\u00f6cke habe ich auch keine dabei. Gut, dass Wolfgang mir einen seiner St\u00f6cke ausleihen kann. An einer Stelle rutschen mir dann doch die F\u00fc\u00dfe weg und ich falle mit dem Hintern in einen abgebrochenen Strauch. Das tut weg wie die H\u00f6lle und ich bin nicht der Einzige der da schon drauf gefallen ist. Etwas vorsichtiger geht es weiter. Die Ausblicke in die Schlucht von Masca sind grandios. Nach etwa zwei Stunden zieht dann Nebel auf \u2013 Mist \u2013 schon wieder!! Bei der Wanderung zum kleinen Gala vor ein paar Wochen hatten wir auch Nebel. Immer das gleiche\u2026 Grummel Grummel\u2026<\/p>\n<p>Also Pause machen, Wasser trinken, Obst essen und dann umkehren. Wieder am Auto war die Wanderung trotzdem toll und ich merke dass der Trainingseffekt des USA-Trips im letzten Fr\u00fchjahr schon wieder verblasst ist. Eigentlich bin ich ganz froh, als es dann zum Essen geht. Das Restaurant liegt an der Stra\u00dfe von Santiago del Teide nach Garachico. Hier gibt es vorz\u00fcgliches Kaninchen!<\/p>\n<p><a rel=\"WLPP\" href=\"http:\/\/anscharius.files.wordpress.com\/2010\/03\/dsc25572.jpg\"><img loading=\"lazy\" decoding=\"async\" style=\"display:inline;border-width:0;\" title=\"_DSC2557\" src=\"http:\/\/anscharius.files.wordpress.com\/2010\/03\/dsc25572.jpg?w=300\" border=\"0\" alt=\"_DSC2557\" width=\"244\" height=\"167\" \/><\/a><\/p>\n<p><a rel=\"WLPP\" href=\"http:\/\/anscharius.files.wordpress.com\/2010\/03\/dsc26662.jpg\"><img loading=\"lazy\" decoding=\"async\" style=\"display:inline;border-width:0;\" title=\"_DSC2666\" src=\"http:\/\/anscharius.files.wordpress.com\/2010\/03\/dsc26662.jpg?w=300\" border=\"0\" alt=\"_DSC2666\" width=\"244\" height=\"167\" \/><\/a><\/p>\n<p><a rel=\"WLPP\" href=\"http:\/\/anscharius.files.wordpress.com\/2010\/03\/dsc27902.jpg\"><img loading=\"lazy\" decoding=\"async\" style=\"display:inline;border-width:0;\" title=\"_DSC2790\" src=\"http:\/\/anscharius.files.wordpress.com\/2010\/03\/dsc27902.jpg?w=300\" border=\"0\" alt=\"_DSC2790\" width=\"244\" height=\"167\" \/><\/a><\/p>\n<p>Wieder zur\u00fcck in Garachico inspiziert Edith das Hotel und ist von der tollen Ausstattung und den vielen M\u00f6belklassikern sehr angetan. Wir kopieren noch die Geburtstagsbilder auf eine Speicherkarte und dann d\u00fcsen die zwei auch schon wieder ab. Es ist 18h und gleich werden Koffer gepackt. Vorher noch kurz ein wenig was f\u00fcr das BLOG schreiben und dann ab ins Bett. Morgen geht es fr\u00fch raus und dann um 11h wieder zur\u00fcck nach Frankfurt. \u00dcbermorgen wieder an die Arbeit. Aber ich komme wieder :-)\u00a0\u00a0<\/p>\n<\/div>\n","protected":false},"excerpt":{"rendered":"<p>Heute soll es eine kleine Abschlusswanderung mit Edith und Wolfgang geben. Wolfgang ist um 10h unten im Hotel, er hat es tats\u00e4chlich gefunden :-) Mit seinem Auto geht es hoch \u00fcber die D\u00e4cher von Garachico. An einem Mirador laden wir die Edith ein. Dann geht es \u00fcber Santiago del Teide zum Einstieg in den Guerges-Steig. [&hellip;]<\/p>\n","protected":false},"author":2,"featured_media":0,"comment_status":"open","ping_status":"open","sticky":false,"template":"","format":"standard","meta":{"jetpack_post_was_ever_published":false,"_jetpack_newsletter_access":"","_jetpack_dont_email_post_to_subs":false,"_jetpack_newsletter_tier_id":0,"_jetpack_memberships_contains_paywalled_content":false,"_jetpack_memberships_contains_paid_content":false,"footnotes":"","jetpack_publicize_message":"","jetpack_publicize_feature_enabled":true,"jetpack_social_post_already_shared":false,"jetpack_social_options":{"image_generator_settings":{"template":"highway","default_image_id":0,"enabled":false},"version":2}},"categories":[6,30,13],"tags":[292,295,294,23,97],"class_list":["post-67","post","type-post","status-publish","format-standard","hentry","category-fotografie","category-hasselblad","category-nikon","tag-fotografie","tag-hasselblad","tag-nikon","tag-teneriffa","tag-wandern"],"jetpack_publicize_connections":[],"jetpack_featured_media_url":"","jetpack_shortlink":"https:\/\/wp.me\/p2px01-15","jetpack_sharing_enabled":true,"_links":{"self":[{"href":"https:\/\/www.nikonhumors.com\/index.php?rest_route=\/wp\/v2\/posts\/67","targetHints":{"allow":["GET"]}}],"collection":[{"href":"https:\/\/www.nikonhumors.com\/index.php?rest_route=\/wp\/v2\/posts"}],"about":[{"href":"https:\/\/www.nikonhumors.com\/index.php?rest_route=\/wp\/v2\/types\/post"}],"author":[{"embeddable":true,"href":"https:\/\/www.nikonhumors.com\/index.php?rest_route=\/wp\/v2\/users\/2"}],"replies":[{"embeddable":true,"href":"https:\/\/www.nikonhumors.com\/index.php?rest_route=%2Fwp%2Fv2%2Fcomments&post=67"}],"version-history":[{"count":0,"href":"https:\/\/www.nikonhumors.com\/index.php?rest_route=\/wp\/v2\/posts\/67\/revisions"}],"wp:attachment":[{"href":"https:\/\/www.nikonhumors.com\/index.php?rest_route=%2Fwp%2Fv2%2Fmedia&parent=67"}],"wp:term":[{"taxonomy":"category","embeddable":true,"href":"https:\/\/www.nikonhumors.com\/index.php?rest_route=%2Fwp%2Fv2%2Fcategories&post=67"},{"taxonomy":"post_tag","embeddable":true,"href":"https:\/\/www.nikonhumors.com\/index.php?rest_route=%2Fwp%2Fv2%2Ftags&post=67"}],"curies":[{"name":"wp","href":"https:\/\/api.w.org\/{rel}","templated":true}]}}