{"id":6574,"date":"2012-04-11T19:59:27","date_gmt":"2012-04-11T18:59:27","guid":{"rendered":"http:\/\/anscharius.wordpress.com\/?p=6574"},"modified":"2012-04-11T19:59:27","modified_gmt":"2012-04-11T18:59:27","slug":"nikon-d300-meilenwerk-dusseldorf","status":"publish","type":"post","link":"https:\/\/www.nikonhumors.com\/?p=6574","title":{"rendered":"Nikon D300 &#8211; Meilenwerk D\u00fcsseldorf"},"content":{"rendered":"<p>Es ist schon eine ganze Weile her, aber es war dennoch ein toller Tag als mich meine Freundin Sandra im August 2010 zu einem \u00dcberraschungsausflug nach D\u00fcsseldorf eingeladen hat. Ich wusste nicht was kommt und habe einfach mal die Nikon D300 samt AF-D 1.4\/85mm und dem &#8222;kleinen Schwarzen&#8220; AF-D 2.8\/10,5mm sowie ein Nikon SB-900 Blitzlicht eingepackt. Ein stark reduziertes Equipment, aber nicht zuletzt seit meiner neuen Liebe zur Fuji X100 wei\u00df ich &#8222;Less is more&#8220;. Also ging es bewaffnet mit nur zwei Objektiven auf nach D\u00fcsseldorf in ein altes Stra\u00dfenbahn-Depot, das heute einen gro\u00dfartigen Oldtimer-Markt beherbergt.<\/p>\n<p>Hier einige Fotos die an diesem Tag entstanden sind. Alle Bilder sind 1000 Pixel breit, also einfach anklicken wenn es gr\u00f6\u00dfer sein soll&#8230;<\/p>\n<p><a href=\"http:\/\/anscharius.files.wordpress.com\/2012\/04\/meilenwerk-a22204296.jpg\"><img loading=\"lazy\" decoding=\"async\" class=\"alignnone size-full wp-image-6581\" title=\"MEILENWERK-a22204296\" src=\"http:\/\/anscharius.files.wordpress.com\/2012\/04\/meilenwerk-a22204296.jpg\" alt=\"Meilenwerk D\u00fcsseldorf mit Nikon D300 und AF-D 2.8\/10.5mm\" width=\"590\" height=\"401\" \/><\/a><\/p>\n<p><a href=\"http:\/\/anscharius.files.wordpress.com\/2012\/04\/come-in-a22204333.jpg\"><img loading=\"lazy\" decoding=\"async\" class=\"alignnone size-full wp-image-6579\" title=\"COME-IN-a22204333\" src=\"http:\/\/anscharius.files.wordpress.com\/2012\/04\/come-in-a22204333.jpg\" alt=\"Meilenwerk D\u00fcsseldorf mit Nikon D300 und AF-D 2.8\/10.5mm\" width=\"590\" height=\"401\" \/><\/a><\/p>\n<p><a href=\"http:\/\/anscharius.files.wordpress.com\/2012\/04\/speed-spirit-a22204242.jpg\"><img loading=\"lazy\" decoding=\"async\" class=\"alignnone size-full wp-image-6584\" title=\"SPEED-SPIRIT-a22204242\" src=\"http:\/\/anscharius.files.wordpress.com\/2012\/04\/speed-spirit-a22204242.jpg\" alt=\"Meilenwerk D\u00fcsseldorf mit Nikon D300 und AF-D 1.4\/85mm\" width=\"590\" height=\"401\" \/><\/a><\/p>\n<p><a href=\"http:\/\/anscharius.files.wordpress.com\/2012\/04\/rolls-royce-a22204343.jpg\"><img loading=\"lazy\" decoding=\"async\" class=\"alignnone size-full wp-image-6583\" title=\"ROLLS-ROYCE-a22204343\" src=\"http:\/\/anscharius.files.wordpress.com\/2012\/04\/rolls-royce-a22204343.jpg\" alt=\"Meilenwerk D\u00fcsseldorf mit Nikon D300 und AF-D 1.4\/85mm\" width=\"590\" height=\"401\" \/><\/a><\/p>\n<p><a href=\"http:\/\/anscharius.files.wordpress.com\/2012\/04\/movendi-a22204347.jpg\"><img loading=\"lazy\" decoding=\"async\" class=\"alignnone size-full wp-image-6582\" title=\"MOVENDI-a22204347\" src=\"http:\/\/anscharius.files.wordpress.com\/2012\/04\/movendi-a22204347.jpg\" alt=\"Meilenwerk D\u00fcsseldorf mit Nikon D300 und AF-D 1.4\/85mm\" width=\"590\" height=\"401\" \/><\/a><\/p>\n<p><a href=\"http:\/\/anscharius.files.wordpress.com\/2012\/04\/james-dean-porsche-a22204268.jpg\"><img loading=\"lazy\" decoding=\"async\" class=\"alignnone size-full wp-image-6580\" title=\"JAMES-DEAN-PORSCHE-a22204268\" src=\"http:\/\/anscharius.files.wordpress.com\/2012\/04\/james-dean-porsche-a22204268.jpg\" alt=\"Meilenwerk D\u00fcsseldorf mit Nikon D300 und AF-D 1.4\/85mm\" width=\"590\" height=\"401\" \/><\/a><\/p>\n<p><a href=\"http:\/\/anscharius.files.wordpress.com\/2012\/04\/calometer-a22204356.jpg\"><img loading=\"lazy\" decoding=\"async\" class=\"alignnone size-full wp-image-6578\" title=\"CALOMETER-a22204356\" src=\"http:\/\/anscharius.files.wordpress.com\/2012\/04\/calometer-a22204356.jpg\" alt=\"Meilenwerk D\u00fcsseldorf mit Nikon D300 und AF-D 1.4\/85mm\" width=\"590\" height=\"401\" \/><\/a><\/p>\n<p><a href=\"http:\/\/anscharius.files.wordpress.com\/2012\/04\/199000-euro-a22204252.jpg\"><img loading=\"lazy\" decoding=\"async\" class=\"alignnone size-full wp-image-6577\" title=\"199000-EURO-a22204252\" src=\"http:\/\/anscharius.files.wordpress.com\/2012\/04\/199000-euro-a22204252.jpg\" alt=\"Meilenwerk D\u00fcsseldorf mit Nikon D300 und AF-D 1.4\/85mm\" width=\"590\" height=\"401\" \/><\/a><\/p>\n<p><a href=\"http:\/\/anscharius.files.wordpress.com\/2012\/04\/1600-super-a22204280.jpg\"><img loading=\"lazy\" decoding=\"async\" class=\"alignnone size-full wp-image-6576\" title=\"1600-SUPER-a22204280\" src=\"http:\/\/anscharius.files.wordpress.com\/2012\/04\/1600-super-a22204280.jpg\" alt=\"Meilenwerk D\u00fcsseldorf mit Nikon D300 und AF-D 1.4\/85mm\" width=\"590\" height=\"401\" \/><\/a><\/p>\n<p><a href=\"http:\/\/anscharius.files.wordpress.com\/2012\/04\/190-sl-a22204290.jpg\"><img loading=\"lazy\" decoding=\"async\" class=\"alignnone size-full wp-image-6575\" title=\"190-SL-a22204290\" src=\"http:\/\/anscharius.files.wordpress.com\/2012\/04\/190-sl-a22204290.jpg\" alt=\"Meilenwerk D\u00fcsseldorf mit Nikon D300 und AF-D 1.4\/85mm\" width=\"590\" height=\"401\" \/><\/a><\/p>\n<p>R\u00fcckblickend muss ich sagen, dass die Wahl der Objektive ziemlich perfekt war. Mit dem 1.4\/85mm l\u00e4sst sich mit der D300 selbst bei Blende 5.6 noch eine sehr angenehme Hintergrundunsch\u00e4rfe realisieren. Die Fahrzeuge k\u00f6nnen damit trotz der Enge in der voll gestopften Halle sehr sch\u00f6n vom Hintergrund abgehoben werden. F\u00fcr einige abgefahrene Weitwinkel-Perspektiven war das 10.5mm Fisheye genau richtig.<\/p>\n<p>W\u00fcrde ich noch einmal hinfahren, so w\u00fcrde ich die D700 oder D800 mit dem AF-D 1.4\/85mm, AF-S 1.4\/50mm, AF-D 2.8\/20mm und das supergute AF-S VR 4\/16-35mm einpacken. Dazu noch das SB-900 und f\u00fcr einige Details vielleicht das AF-D 2.8\/60mm Macro oder das AiS 2.8\/55mm Macro &#8211; egal &#8211; schauen wir mal was in den kommenden Monaten passiert &#8211; vielleicht klappt es ja dort die neue D800E in den ersten Mai-Wochen auszuprobieren :-)<\/p>\n<p>In einigen ersten Publikationen bez\u00fcglich der Qualit\u00e4ten der neuen Nikon D800 wird die Genauigkeit der Belichtungsmessung im Vergleich zur D300 hervorgehoben. Das kann ich nicht ganz nachvollziehen, meiner Meinung arbeitet die Belichtungsmessung die D300 sehr zuverl\u00e4ssig, wenn man sie kennt. Bei Au\u00dfenaufnahmen mit hellem Licht und vielen Wei\u00dft\u00f6nen korrigiere ich den Belichtungsmesser wie bei der D7000 und der D2x meist um -0,3 bis -0.7 EV. Damit gibt es dann keine ausgefressenen \u00fcberstrahlten Lichter in den RAW-Bildern. Die dunklen Bildbereiche haben dank der 14-Verarbeitung meist noch gro\u00dfe Reserven und k\u00f6nnen Problemlos im Rahmen der RAW-Konvertierung aufgehellt werden.<\/p>\n<p>Bei ged\u00e4mpftem Licht mit etwas milderen Kontrasten ist in der Regel keine Korrektur notwendig. Bei Portraits im Gegenlicht korrigiere ich manchmal um +0.7EV &#8211; je nach Wunsch, aber meist erzielt man auch mit der Standard-Einstellung der D300 zuverl\u00e4ssig sehr gute Ergebnisse.\u00a0Auch die hier gezeigten Fotos habe ich so im im RAW-Format fotografiert und mit einer inzwischen veralteten Version von Nikon Capture NX2 &#8222;entwickelt&#8220;. Die Ergebnisse sind f\u00fcr meinen Geschmack recht ansprechend und ausgewogen. Ich denke hier muss sich die D300 oder auch die D700 nicht hinter der neuen D800 verstecken.<\/p>\n","protected":false},"excerpt":{"rendered":"<p>Es ist schon eine ganze Weile her, aber es war dennoch ein toller Tag als mich meine Freundin Sandra im August 2010 zu einem \u00dcberraschungsausflug nach D\u00fcsseldorf eingeladen hat. Ich wusste nicht was kommt und habe einfach mal die Nikon D300 samt AF-D 1.4\/85mm und dem &#8222;kleinen Schwarzen&#8220; AF-D 2.8\/10,5mm sowie ein Nikon SB-900 Blitzlicht [&hellip;]<\/p>\n","protected":false},"author":2,"featured_media":0,"comment_status":"open","ping_status":"open","sticky":false,"template":"","format":"standard","meta":{"jetpack_post_was_ever_published":false,"_jetpack_newsletter_access":"","_jetpack_dont_email_post_to_subs":false,"_jetpack_newsletter_tier_id":0,"_jetpack_memberships_contains_paywalled_content":false,"_jetpack_memberships_contains_paid_content":false,"footnotes":"","jetpack_publicize_message":"","jetpack_publicize_feature_enabled":true,"jetpack_social_post_already_shared":false,"jetpack_social_options":{"image_generator_settings":{"template":"highway","default_image_id":0,"enabled":false},"version":2}},"categories":[6,13,12],"tags":[55,11],"class_list":["post-6574","post","type-post","status-publish","format-standard","hentry","category-fotografie","category-nikon","category-photography","tag-nikon-d300","tag-nikon-d800"],"jetpack_publicize_connections":[],"jetpack_featured_media_url":"","jetpack_shortlink":"https:\/\/wp.me\/p2px01-1I2","jetpack_sharing_enabled":true,"_links":{"self":[{"href":"https:\/\/www.nikonhumors.com\/index.php?rest_route=\/wp\/v2\/posts\/6574","targetHints":{"allow":["GET"]}}],"collection":[{"href":"https:\/\/www.nikonhumors.com\/index.php?rest_route=\/wp\/v2\/posts"}],"about":[{"href":"https:\/\/www.nikonhumors.com\/index.php?rest_route=\/wp\/v2\/types\/post"}],"author":[{"embeddable":true,"href":"https:\/\/www.nikonhumors.com\/index.php?rest_route=\/wp\/v2\/users\/2"}],"replies":[{"embeddable":true,"href":"https:\/\/www.nikonhumors.com\/index.php?rest_route=%2Fwp%2Fv2%2Fcomments&post=6574"}],"version-history":[{"count":0,"href":"https:\/\/www.nikonhumors.com\/index.php?rest_route=\/wp\/v2\/posts\/6574\/revisions"}],"wp:attachment":[{"href":"https:\/\/www.nikonhumors.com\/index.php?rest_route=%2Fwp%2Fv2%2Fmedia&parent=6574"}],"wp:term":[{"taxonomy":"category","embeddable":true,"href":"https:\/\/www.nikonhumors.com\/index.php?rest_route=%2Fwp%2Fv2%2Fcategories&post=6574"},{"taxonomy":"post_tag","embeddable":true,"href":"https:\/\/www.nikonhumors.com\/index.php?rest_route=%2Fwp%2Fv2%2Ftags&post=6574"}],"curies":[{"name":"wp","href":"https:\/\/api.w.org\/{rel}","templated":true}]}}