{"id":6555,"date":"2012-04-08T16:34:26","date_gmt":"2012-04-08T15:34:26","guid":{"rendered":"http:\/\/anscharius.wordpress.com\/?p=6555"},"modified":"2012-04-08T16:34:26","modified_gmt":"2012-04-08T15:34:26","slug":"fuji-x100-ausflug-nach-andernach-am-rhein","status":"publish","type":"post","link":"https:\/\/www.nikonhumors.com\/?p=6555","title":{"rendered":"Fuji X100 &#8211; Ausflug nach Andernach am Rhein"},"content":{"rendered":"<p>Es ist mein Geburtstag und ich werde heute voll im Ernst krasse 48 Jahre alt&#8230; W\u00e4hrend des Fr\u00fchst\u00fccks frage ich mich wo die Jahre geblieben sind. Im Kopf f\u00fchle ich mich noch wie 24, aber in den Knien und dem R\u00fccken sp\u00fcre ich deutlich, dass ich \u00e4lter werde. Viel Zeit bleibt mir nicht mehr, wenn es gut l\u00e4uft noch 30 bis 40 Jahre&#8230; Ok, das ist noch eine ganze Weile :-) Nachdem sich der morgendliche Schneeschauer gelegt hat kommt um 10h tats\u00e4chlich die Sonne durch. Sandra und mich h\u00e4lt nichts mehr &#8222;in der Bude&#8220;. Ab ins Auto und auf in Richtung &#8222;S\u00fcden&#8220;. Ein wirkliches Ziel haben wir nicht und so verschl\u00e4gt es uns nach Andernach. Sandra kennt diesen Ort noch gar nicht und ich selbst war auch schon lange nicht mehr hier. Wir parken das Auto und es geht ein wenig am Rhein entlang.<\/p>\n<p>An meiner Schulter h\u00e4ngt die frisch reparierte Fuji Finepix X100. Die ersten Fotos nach der Reparatur sind vielversprechend. Alle Bilder sind korrekt belichtet, die Service-Leute haben das komplette Objektiv samt Innenleben ausgetauscht. So macht sie wieder richtig Spa\u00df. Und witzig sind die Blicke der anderen Spazierg\u00e4nger als sie mir zuschauen wie ich diese kleine Retrokamera nehme und die braune Lederh\u00fclle aufklappe. W\u00e4hrend ich in den wunderbaren Hybridsucher schaue blicken Sie mich ein wenig ungl\u00e4ubig an. Die Frauen sehen aus als w\u00e4re sie kurz davor Dinge zu sagen wie &#8222;Ach wie niedlich, schau mal Heinz, so eine Kamera hatte mein Vater in den 60er auch mal&#8230;&#8220; Die m\u00e4nnlichen Spazierg\u00e4nger sehen ein wenig ungl\u00e4ubig aus und ich glaube in ihren fragenden Gesichtern Dinge ablesen zu k\u00f6nnen wie &#8222;H\u00e4, knipst der noch mit Film oder was?&#8220;<\/p>\n<p>Wie dem auch sei, nach einem kleinen Spaziergang durch die Innenstadt geht es weiter am Rhein entlang. Bei Koblenz wechseln wir von der B9 auf die B42, dort scheint die Sonne! Gern w\u00fcrden wir oben auf dem Loreley-Felsen etwas essen, aber da ist gerade ein Mittelalter-Event und so fl\u00fcchten wir uns nach Assmannshausen etwas n\u00f6rdlich von R\u00fcdesheim. Im Restaurant &#8222;Anker&#8220; genie\u00dfen wir die \u00fcberaus skurrile Inneneinrichtung und lassen es uns bei frischem Spargel mit Kartoffeln und Schnitzel gut gehen.<\/p>\n<p>Sp\u00e4ter daheim schaue ich meine Beute am und bin sehr angenehm \u00fcberrascht wie scharf und detailreich doch die Fotos aus der kleinen X100 sind. Es ist einfach eine tolle Kamera, sie hat kein Zoom-Objektiv, aber vielleicht macht es mir gerade deshalb so gro\u00dfen Spa\u00df damit zu fotografieren. Es ist ein wenig wie ganz ganz fr\u00fcher als ich mit meiner allerersten silbernen Sucherkamera die ersten Fotos belichtet habe. Nur sind heute die Ergebnisse um Gr\u00f6\u00dfenordnungen besser. Manchmal ist es doch gut zu altern, solange es in &#8222;W\u00fcrde&#8220; geschieht :-) Schaue ich mir heute an was ich mit 24 fotografiert habe, so schlage ich regelm\u00e4\u00dfig die H\u00e4nde \u00fcber dem Kopf zusammen.<\/p>\n<p>Irgendwie ist das mit dem \u00e4lter werden schon ok und mein 48-ter Geburtstag ist einer der ruhigsten und sch\u00f6nsten Tage die man sich w\u00fcnschen kann :-)<\/p>\n<p>(Alle Fotos sind 1000 Pixel breit &#8211; einfach anklicken)<\/p>\n<p><a href=\"http:\/\/anscharius.files.wordpress.com\/2012\/04\/dscf2357.jpg\"><img loading=\"lazy\" decoding=\"async\" class=\"alignnone size-full wp-image-6557\" title=\"DSCF2357\" src=\"http:\/\/anscharius.files.wordpress.com\/2012\/04\/dscf2357.jpg\" alt=\"Andernach am Rhein mit Fuji Finepix X100\" width=\"590\" height=\"372\" \/><\/a><\/p>\n<p><a href=\"http:\/\/anscharius.files.wordpress.com\/2012\/04\/dscf2377.jpg\"><img loading=\"lazy\" decoding=\"async\" class=\"alignnone size-full wp-image-6558\" title=\"DSCF2377\" src=\"http:\/\/anscharius.files.wordpress.com\/2012\/04\/dscf2377.jpg\" alt=\"Andernach am Rhein mit Fuji Finepix X100\" width=\"590\" height=\"392\" \/><\/a><\/p>\n<p><a href=\"http:\/\/anscharius.files.wordpress.com\/2012\/04\/dscf2401.jpg\"><img loading=\"lazy\" decoding=\"async\" class=\"alignnone size-full wp-image-6559\" title=\"DSCF2401\" src=\"http:\/\/anscharius.files.wordpress.com\/2012\/04\/dscf2401.jpg\" alt=\"Andernach am Rhein mit Fuji Finepix X100\" width=\"590\" height=\"392\" \/><\/a><\/p>\n<p>&nbsp;<\/p>\n<p>&nbsp;<\/p>\n","protected":false},"excerpt":{"rendered":"<p>Es ist mein Geburtstag und ich werde heute voll im Ernst krasse 48 Jahre alt&#8230; W\u00e4hrend des Fr\u00fchst\u00fccks frage ich mich wo die Jahre geblieben sind. Im Kopf f\u00fchle ich mich noch wie 24, aber in den Knien und dem R\u00fccken sp\u00fcre ich deutlich, dass ich \u00e4lter werde. Viel Zeit bleibt mir nicht mehr, wenn [&hellip;]<\/p>\n","protected":false},"author":2,"featured_media":0,"comment_status":"open","ping_status":"open","sticky":false,"template":"","format":"standard","meta":{"jetpack_post_was_ever_published":false,"_jetpack_newsletter_access":"","_jetpack_dont_email_post_to_subs":false,"_jetpack_newsletter_tier_id":0,"_jetpack_memberships_contains_paywalled_content":false,"_jetpack_memberships_contains_paid_content":false,"footnotes":"","jetpack_publicize_message":"","jetpack_publicize_feature_enabled":true,"jetpack_social_post_already_shared":false,"jetpack_social_options":{"image_generator_settings":{"template":"highway","default_image_id":0,"enabled":false},"version":2}},"categories":[6,78,12],"tags":[51],"class_list":["post-6555","post","type-post","status-publish","format-standard","hentry","category-fotografie","category-fuji","category-photography","tag-fuji-x100"],"jetpack_publicize_connections":[],"jetpack_featured_media_url":"","jetpack_shortlink":"https:\/\/wp.me\/p2px01-1HJ","jetpack_sharing_enabled":true,"_links":{"self":[{"href":"https:\/\/www.nikonhumors.com\/index.php?rest_route=\/wp\/v2\/posts\/6555","targetHints":{"allow":["GET"]}}],"collection":[{"href":"https:\/\/www.nikonhumors.com\/index.php?rest_route=\/wp\/v2\/posts"}],"about":[{"href":"https:\/\/www.nikonhumors.com\/index.php?rest_route=\/wp\/v2\/types\/post"}],"author":[{"embeddable":true,"href":"https:\/\/www.nikonhumors.com\/index.php?rest_route=\/wp\/v2\/users\/2"}],"replies":[{"embeddable":true,"href":"https:\/\/www.nikonhumors.com\/index.php?rest_route=%2Fwp%2Fv2%2Fcomments&post=6555"}],"version-history":[{"count":0,"href":"https:\/\/www.nikonhumors.com\/index.php?rest_route=\/wp\/v2\/posts\/6555\/revisions"}],"wp:attachment":[{"href":"https:\/\/www.nikonhumors.com\/index.php?rest_route=%2Fwp%2Fv2%2Fmedia&parent=6555"}],"wp:term":[{"taxonomy":"category","embeddable":true,"href":"https:\/\/www.nikonhumors.com\/index.php?rest_route=%2Fwp%2Fv2%2Fcategories&post=6555"},{"taxonomy":"post_tag","embeddable":true,"href":"https:\/\/www.nikonhumors.com\/index.php?rest_route=%2Fwp%2Fv2%2Ftags&post=6555"}],"curies":[{"name":"wp","href":"https:\/\/api.w.org\/{rel}","templated":true}]}}