{"id":6214,"date":"2012-02-25T16:56:22","date_gmt":"2012-02-25T15:56:22","guid":{"rendered":"http:\/\/anscharius.wordpress.com\/?p=6214"},"modified":"2012-02-25T16:56:22","modified_gmt":"2012-02-25T15:56:22","slug":"fuji-x100-panorama-mit-nodalpunktadapter","status":"publish","type":"post","link":"https:\/\/www.nikonhumors.com\/?p=6214","title":{"rendered":"Fuji X100 &#8211; Panorama mit Nodalpunktadapter"},"content":{"rendered":"<span class=\"embed-youtube\" style=\"text-align:center; display: block;\"><iframe loading=\"lazy\" class=\"youtube-player\" width=\"950\" height=\"535\" src=\"https:\/\/www.youtube.com\/embed\/P6QsG75eJCo?version=3&#038;rel=1&#038;showsearch=0&#038;showinfo=1&#038;iv_load_policy=1&#038;fs=1&#038;hl=de-DE&#038;autohide=2&#038;wmode=transparent\" allowfullscreen=\"true\" style=\"border:0;\" sandbox=\"allow-scripts allow-same-origin allow-popups allow-presentation allow-popups-to-escape-sandbox\"><\/iframe><\/span>\n<p>Es ist Wochenende und ich bin krass erk\u00e4ltet. Meiner Freundin geht es auch nicht gut, bei mir ist es die Lunge, ihr Problem sitzt etwas weiter unten. Nach einem notd\u00fcrftigen Fr\u00fchst\u00fcck geht es ab zur Apotheke. Ein kurzes Beratungsgespr\u00e4ch sp\u00e4ter und 40 Euro \u00e4rmer bin ich noch kurz darauf beim B\u00e4cker und ann im Supermarkt. Auch kranke Fotografen m\u00fcssen essen! Danach geht es schnell r\u00fcber zur Bonner\u00a0Museumsmeile. Auf dem obersten Deck des Parkhauses hat man einen sch\u00f6nen Blick auf den Posttower und\u00a0die T\u00fcrmchen auf dem Dach der &#8222;<a title=\"Hier gibt es mehr \u00fcber Gustav Peichl zu lesen\" href=\"http:\/\/de.wikipedia.org\/wiki\/Gustav_Peichl\" target=\"_blank\">Kunst und Ausstellungshalle<\/a>&#8220; von Gustav Peichl.<\/p>\n<p>Dabei habe ich die Fuji X100, ein gro\u00dfes Cullman Magnesit-Stativ mit Manfrotto Video-Neiger und nat\u00fcrlich meinen selbstgebauten Nodalpunkt-Adapter den ich Euch <a title=\"Hier k\u00f6nnt Ihr diesen Artikel \u00f6ffnen\" href=\"http:\/\/anscharius.wordpress.com\/2012\/02\/24\/nodalpunkt-adapter-billig-selbst-gebaut\/\" target=\"_blank\">gestern vorgestellt<\/a> habe.<\/p>\n<p><a href=\"http:\/\/anscharius.files.wordpress.com\/2012\/02\/imag0224.jpg\"><img loading=\"lazy\" decoding=\"async\" class=\"alignnone size-full wp-image-6215\" title=\"IMAG0224\" src=\"http:\/\/anscharius.files.wordpress.com\/2012\/02\/imag0224.jpg\" alt=\"Bonner-Museumsmeile-HTC-Desire-HD-01\" width=\"590\" height=\"353\" \/><\/a><\/p>\n<p><a href=\"http:\/\/anscharius.files.wordpress.com\/2012\/02\/imag0225.jpg\"><img loading=\"lazy\" decoding=\"async\" class=\"alignnone size-full wp-image-6216\" title=\"IMAG0225\" src=\"http:\/\/anscharius.files.wordpress.com\/2012\/02\/imag0225.jpg\" alt=\"Bonner-Museumsmeile-HTC-Desire-HD-02\" width=\"590\" height=\"984\" \/><\/a><\/p>\n<p>Der Ort den ich ausgesucht habe\u00a0ist f\u00fcr Panoramas wirklich schwierig, denn es gibt eine umlaufende hohe Br\u00fcstung, die gegen\u00fcberliegende Fassade ist Moir\u00e8-verd\u00e4chtig und die Beschriftung der Parkboxen ist erfahrungsgem\u00e4\u00df f\u00fcr ein Panorama-Programm eine harte Nu\u00df. Als erstes versuche ich einige 120\u00b0 Panorama-Fotos mit dem automatischen Panorama-Programm aufzunehmen. In diesem Programm macht die X100 im Takt von etwa 0,5s einzelne Fotos die von der internen Software sofort zu einem Panorama umgerechnet werden. Ein sp\u00e4terer Zugriff auf die Einzelbilder ist nicht m\u00f6glich und es wird auch nur der JPG-Modus mit reduzierter Aufl\u00f6sung unterst\u00fctzt. Aber immerhin, es k\u00f6nnte ein schneller und einfacher Weg zu tollen Panorama-Fotos sein.<\/p>\n<p>Doch ich bin sehr schnell sehr entt\u00e4uscht. Alle Bilder haben helle und dunkle Streifen. Egal wie ich die Kamera einstelle, sie lassen sich nicht entfernen. Ich versuche mich mit der manuellen Belichtungsmessung, der Spotmessung und der Integralmessung. Aber es sicht alles wirklich \u00fcbel aus. Entweder hat diesese Kamera ein Problem, die Software einen Bug oder das Licht ist einfach nicht gut genung. Vor einigen Tagen hat Fuji eine neue Firmware f\u00fcr die X100 ver\u00f6ffentlicht. Diese werde ich sp\u00e4ter einspielen und dann schauen ob die Streifen bleiben.<\/p>\n<p>Da es mit dem internen &#8222;Dummy-Programm&#8220; nicht klappen will mache ich meine Bilder in hergebrachter Weise. Den Autofokus stelle ich ab, Belichtungzeit und Blende\u00a0werden fix eingestellt, der Selbstausl\u00f6ser steht auf 2s. Ungef\u00e4hr alle 15\u00b0 nehme ich eine Belichtungsreihe mit jeweils 3 Bildern und +\/- 1EV auf. Sp\u00e4ter am heimischen Windows 7 PC f\u00fcttere ich Autopano Pro in der Version 1.4.2 damit und das Ergebnis ist wirklich ansprechend. Autopano Pro erkennt sogar die Belichtungsreihen und erstellt v\u00f6llig automatisch ein ansprechendes HDR.<\/p>\n<p>Und was lernen wir daraus? Wenn schon das interne Kameraprogramm nicht korrekt funktioniert, dann wengistens mein selbstgebauter Nodalpunkt-Adapter!<\/p>\n<p>Hier sind beide Panorama-Bilder im direkten Vergleich:<\/p>\n<div id=\"attachment_6219\" style=\"width: 600px\" class=\"wp-caption alignnone\"><a href=\"http:\/\/anscharius.files.wordpress.com\/2012\/02\/dscf1944.jpg\"><img loading=\"lazy\" decoding=\"async\" aria-describedby=\"caption-attachment-6219\" class=\"size-full wp-image-6219\" title=\"DSCF1944\" src=\"http:\/\/anscharius.files.wordpress.com\/2012\/02\/dscf1944.jpg\" alt=\"Fuji-X100-Bonner-Museumsmeile-Panorama-Programm\" width=\"590\" height=\"248\" \/><\/a><p id=\"caption-attachment-6219\" class=\"wp-caption-text\">Anklicken f\u00fcr gro\u00dfe AnsichtAnklicken f\u00fcr gro\u00dfe Ansicht<\/p><\/div>\n<p>Hier ist\u00a0das gro\u00dfe 360\u00b0 Panorama &#8211; Anklicken f\u00fcr 100% Ansicht\u00a0(5,6 MB)<\/p>\n<p><a href=\"http:\/\/anscharius.files.wordpress.com\/2012\/02\/fuji-x100-pano-bonn-museumsmeile.jpg\"><img loading=\"lazy\" decoding=\"async\" class=\"alignnone size-full wp-image-6224\" title=\"Stitched Panorama\" src=\"http:\/\/anscharius.files.wordpress.com\/2012\/02\/fuji-x100-pano-bonn-museumsmeile.jpg\" alt=\"Fuji X100 - Bonn - Stitched Panorama - 360\u00b0 - Full Size\" width=\"590\" height=\"87\" \/><\/a><\/p>\n<p>Weil es gerade so sch\u00f6n\u00a0ist, schnell noch einige Belichtungsreihen die ich sp\u00e4ter via Photomatix Pro 4.0.2 konvertiere. Hier ein Ausschnitt aus einem der Bilder des oben gezeigten manuell erstellten Panorama-Fotos.<\/p>\n<p><a href=\"http:\/\/anscharius.files.wordpress.com\/2012\/02\/dscf2021_2_3.jpg\"><img loading=\"lazy\" decoding=\"async\" class=\"alignnone size-full wp-image-6221\" title=\"DSCF2021_2_3\" src=\"http:\/\/anscharius.files.wordpress.com\/2012\/02\/dscf2021_2_3.jpg\" alt=\"HDR-Ausschnitt aus 360\u00b0 Panorama\" width=\"590\" height=\"836\" \/><\/a><\/p>\n<p>Hier ein kleiner &#8222;Verzeichungstest&#8220; f\u00fcr das 23mm Objektiv der X100. Es ist aus einem RAW-Bild entstanden, das ich mit Photoshop Cs 5.1 und Adobe Camera RAW 6.6 konvertiert habe.<\/p>\n<p><a href=\"http:\/\/anscharius.files.wordpress.com\/2012\/02\/dscf2124.jpg\"><img loading=\"lazy\" decoding=\"async\" class=\"alignnone size-full wp-image-6222\" title=\"DSCF2124\" src=\"http:\/\/anscharius.files.wordpress.com\/2012\/02\/dscf2124.jpg\" alt=\"Fuji-X100-RAW-Bild\" width=\"590\" height=\"392\" \/><\/a><\/p>\n<p>Und noch ein HDR aus drei JPG-Bildern.<\/p>\n<p><a href=\"http:\/\/anscharius.files.wordpress.com\/2012\/02\/dscf2176.jpg\"><img loading=\"lazy\" decoding=\"async\" class=\"alignnone size-full wp-image-6223\" title=\"DSCF2176\" src=\"http:\/\/anscharius.files.wordpress.com\/2012\/02\/dscf2176.jpg\" alt=\"Fuji-X100-HDR-RAW-Conversion\" width=\"590\" height=\"403\" \/><\/a><\/p>\n<p>Nach der Fotosession geht es ab nach Hause. Die Parkpl\u00e4tze vor der Haust\u00fcre sind alle belegt, also parke ich etwas weiter entfernt. Der Kofferraum ist voller Einkaufst\u00fcten, dann die Medikamente aus der Apotheke, zusammen 6 T\u00fcten. Dann noch die X100 samt dem gro\u00dfen Stativ. Die X100 ist noch oben drauf geschraubt. Wie soll ich das blo\u00df alles tragen? Am Stativ ist ein robuster Tragegurt befestigt, ich h\u00e4nge es mir samt X100 um die linke Schulter. Irgendwie bekomme ich alle T\u00fcten in die linke Hand und als ich mit dem rechten Arm den Kofferraumdeckel schlie\u00dfen will sp\u00fcre ich wie mir das Stativ von der Schulter rutscht. Nein nicht schon wieder, ich habe gerade erst Stre\u00df mit der Kamera-Versicherung wegen der Reparaturkosten f\u00fcr meine im April 2010 abgest\u00fcrzte Nikon D2x&#8230; Eine Schrecksekunde sp\u00e4ter liegen Kamera und Stativ auf dem Boden &#8211; Mist! Einer der Karabiner hat sich gel\u00f6st. Er ist nicht abgebrochen, er hat sich einfach irgendwie gel\u00f6st &#8211; arg&#8230;<\/p>\n<p>Irgendwie bekomme ich alles eingesammelt und stapfe schnaufend durch das Treppenhaus. Nachdem die Eink\u00e4ufe im K\u00fchlschrank verstaut sind und Sandra mit ihrer Medizin versorgt ist,\u00a0schaue ich mir an was genau passiert ist.<\/p>\n<p><a href=\"http:\/\/anscharius.files.wordpress.com\/2012\/02\/d70_0753.jpg\"><img loading=\"lazy\" decoding=\"async\" class=\"alignnone size-full wp-image-6225\" title=\"D70_0753\" src=\"http:\/\/anscharius.files.wordpress.com\/2012\/02\/d70_0753.jpg\" alt=\"Fuji-X100-Crash\" width=\"590\" height=\"483\" \/><\/a><\/p>\n<p><a href=\"http:\/\/anscharius.files.wordpress.com\/2012\/02\/d70_0755.jpg\"><img loading=\"lazy\" decoding=\"async\" class=\"alignnone size-full wp-image-6226\" title=\"D70_0755\" src=\"http:\/\/anscharius.files.wordpress.com\/2012\/02\/d70_0755.jpg\" alt=\"Fuji-X100-Crash-II\" width=\"590\" height=\"466\" \/><\/a><\/p>\n<p>Zum Gl\u00fcck hat es nur die\u00a0Streulichtblende erwischt. Der\u00a0Kamera selbst ist nichts passiert! Es ist fast wie bei allen\u00a0meinen kleinen &#8222;Ungeschicklichkeiten&#8220; der letzten Jahre, bis auf die D2x sind immer nur die Streulichtblenden kaputt gegangen. Das Ding ist jetzt neu bestellt, es kostet 15,90 Euro. Das ist ja noch einmal gut gegangen&#8230;<\/p>\n","protected":false},"excerpt":{"rendered":"<p>Es ist Wochenende und ich bin krass erk\u00e4ltet. Meiner Freundin geht es auch nicht gut, bei mir ist es die Lunge, ihr Problem sitzt etwas weiter unten. Nach einem notd\u00fcrftigen Fr\u00fchst\u00fcck geht es ab zur Apotheke. Ein kurzes Beratungsgespr\u00e4ch sp\u00e4ter und 40 Euro \u00e4rmer bin ich noch kurz darauf beim B\u00e4cker und ann im Supermarkt. [&hellip;]<\/p>\n","protected":false},"author":2,"featured_media":0,"comment_status":"open","ping_status":"open","sticky":false,"template":"","format":"standard","meta":{"jetpack_post_was_ever_published":false,"_jetpack_newsletter_access":"","_jetpack_dont_email_post_to_subs":false,"_jetpack_newsletter_tier_id":0,"_jetpack_memberships_contains_paywalled_content":false,"_jetpack_memberships_contains_paid_content":false,"footnotes":"","jetpack_publicize_message":"","jetpack_publicize_feature_enabled":true,"jetpack_social_post_already_shared":false,"jetpack_social_options":{"image_generator_settings":{"template":"highway","default_image_id":0,"enabled":false},"version":2}},"categories":[6,12],"tags":[51],"class_list":["post-6214","post","type-post","status-publish","format-standard","hentry","category-fotografie","category-photography","tag-fuji-x100"],"jetpack_publicize_connections":[],"jetpack_featured_media_url":"","jetpack_shortlink":"https:\/\/wp.me\/p2px01-1Ce","jetpack_sharing_enabled":true,"_links":{"self":[{"href":"https:\/\/www.nikonhumors.com\/index.php?rest_route=\/wp\/v2\/posts\/6214","targetHints":{"allow":["GET"]}}],"collection":[{"href":"https:\/\/www.nikonhumors.com\/index.php?rest_route=\/wp\/v2\/posts"}],"about":[{"href":"https:\/\/www.nikonhumors.com\/index.php?rest_route=\/wp\/v2\/types\/post"}],"author":[{"embeddable":true,"href":"https:\/\/www.nikonhumors.com\/index.php?rest_route=\/wp\/v2\/users\/2"}],"replies":[{"embeddable":true,"href":"https:\/\/www.nikonhumors.com\/index.php?rest_route=%2Fwp%2Fv2%2Fcomments&post=6214"}],"version-history":[{"count":0,"href":"https:\/\/www.nikonhumors.com\/index.php?rest_route=\/wp\/v2\/posts\/6214\/revisions"}],"wp:attachment":[{"href":"https:\/\/www.nikonhumors.com\/index.php?rest_route=%2Fwp%2Fv2%2Fmedia&parent=6214"}],"wp:term":[{"taxonomy":"category","embeddable":true,"href":"https:\/\/www.nikonhumors.com\/index.php?rest_route=%2Fwp%2Fv2%2Fcategories&post=6214"},{"taxonomy":"post_tag","embeddable":true,"href":"https:\/\/www.nikonhumors.com\/index.php?rest_route=%2Fwp%2Fv2%2Ftags&post=6214"}],"curies":[{"name":"wp","href":"https:\/\/api.w.org\/{rel}","templated":true}]}}