{"id":6038,"date":"2012-02-18T23:40:18","date_gmt":"2012-02-18T22:40:18","guid":{"rendered":"http:\/\/anscharius.wordpress.com\/?p=6038"},"modified":"2012-02-18T23:40:18","modified_gmt":"2012-02-18T22:40:18","slug":"fuji-x100-tutorial-portaitfotografie","status":"publish","type":"post","link":"https:\/\/www.nikonhumors.com\/?p=6038","title":{"rendered":"Fuji X100 &#8211; Tutorial Portaitfotografie"},"content":{"rendered":"<p>Den gestrigen Nachmittag habe ich genutzt um ein wenig mit der neuen Fuji Finepix X100 zu experimentieren. Dabei ist dann ein spontanes Tutorial entstanden das ihr hier anschauen k\u00f6nnt:<\/p>\n<span class=\"embed-youtube\" style=\"text-align:center; display: block;\"><iframe loading=\"lazy\" class=\"youtube-player\" width=\"950\" height=\"535\" src=\"https:\/\/www.youtube.com\/embed\/W0yLjqs6UQU?version=3&#038;rel=1&#038;showsearch=0&#038;showinfo=1&#038;iv_load_policy=1&#038;fs=1&#038;hl=de-DE&#038;autohide=2&#038;wmode=transparent\" allowfullscreen=\"true\" style=\"border:0;\" sandbox=\"allow-scripts allow-same-origin allow-popups allow-presentation allow-popups-to-escape-sandbox\"><\/iframe><\/span>\n<p>Beim &#8222;Probeschauen&#8220; ist mir eben aufgefallen, dass w\u00e4hren der Abmoderation der Ton nicht ganz synchron zu sein scheint. Ich denke, hier ist m\u00f6glicherweise etwas mit den Sampleraten von 48kHz und 44,1 kHz durcheinander gelaufen. es sieht ein wenig seltsam aus, aber ich hoffe es gef\u00e4llt Euch trotzdem :-)<\/p>\n","protected":false},"excerpt":{"rendered":"<p>Den gestrigen Nachmittag habe ich genutzt um ein wenig mit der neuen Fuji Finepix X100 zu experimentieren. Dabei ist dann ein spontanes Tutorial entstanden das ihr hier anschauen k\u00f6nnt: Beim &#8222;Probeschauen&#8220; ist mir eben aufgefallen, dass w\u00e4hren der Abmoderation der Ton nicht ganz synchron zu sein scheint. Ich denke, hier ist m\u00f6glicherweise etwas mit den [&hellip;]<\/p>\n","protected":false},"author":2,"featured_media":0,"comment_status":"open","ping_status":"open","sticky":false,"template":"","format":"standard","meta":{"jetpack_post_was_ever_published":false,"_jetpack_newsletter_access":"","_jetpack_dont_email_post_to_subs":false,"_jetpack_newsletter_tier_id":0,"_jetpack_memberships_contains_paywalled_content":false,"_jetpack_memberships_contains_paid_content":false,"footnotes":"","jetpack_publicize_message":"","jetpack_publicize_feature_enabled":true,"jetpack_social_post_already_shared":false,"jetpack_social_options":{"image_generator_settings":{"template":"highway","default_image_id":0,"enabled":false},"version":2}},"categories":[6,13,12],"tags":[51,28],"class_list":["post-6038","post","type-post","status-publish","format-standard","hentry","category-fotografie","category-nikon","category-photography","tag-fuji-x100","tag-nikon-d7000"],"jetpack_publicize_connections":[],"jetpack_featured_media_url":"","jetpack_shortlink":"https:\/\/wp.me\/p2px01-1zo","jetpack_sharing_enabled":true,"_links":{"self":[{"href":"https:\/\/www.nikonhumors.com\/index.php?rest_route=\/wp\/v2\/posts\/6038","targetHints":{"allow":["GET"]}}],"collection":[{"href":"https:\/\/www.nikonhumors.com\/index.php?rest_route=\/wp\/v2\/posts"}],"about":[{"href":"https:\/\/www.nikonhumors.com\/index.php?rest_route=\/wp\/v2\/types\/post"}],"author":[{"embeddable":true,"href":"https:\/\/www.nikonhumors.com\/index.php?rest_route=\/wp\/v2\/users\/2"}],"replies":[{"embeddable":true,"href":"https:\/\/www.nikonhumors.com\/index.php?rest_route=%2Fwp%2Fv2%2Fcomments&post=6038"}],"version-history":[{"count":0,"href":"https:\/\/www.nikonhumors.com\/index.php?rest_route=\/wp\/v2\/posts\/6038\/revisions"}],"wp:attachment":[{"href":"https:\/\/www.nikonhumors.com\/index.php?rest_route=%2Fwp%2Fv2%2Fmedia&parent=6038"}],"wp:term":[{"taxonomy":"category","embeddable":true,"href":"https:\/\/www.nikonhumors.com\/index.php?rest_route=%2Fwp%2Fv2%2Fcategories&post=6038"},{"taxonomy":"post_tag","embeddable":true,"href":"https:\/\/www.nikonhumors.com\/index.php?rest_route=%2Fwp%2Fv2%2Ftags&post=6038"}],"curies":[{"name":"wp","href":"https:\/\/api.w.org\/{rel}","templated":true}]}}