{"id":5585,"date":"2011-12-21T23:24:41","date_gmt":"2011-12-21T22:24:41","guid":{"rendered":"http:\/\/anscharius.wordpress.com\/?p=5585"},"modified":"2011-12-21T23:24:41","modified_gmt":"2011-12-21T22:24:41","slug":"nikon-d700-hdr-mit-dem-af-s-vr-416-35mm","status":"publish","type":"post","link":"https:\/\/www.nikonhumors.com\/?p=5585","title":{"rendered":"Nikon D700 &#8211; HDR mit dem AF-S VR 4\/16-35mm"},"content":{"rendered":"<p><strong>Tag 12 &#8211; Wandern bei Mesa del Mar<\/strong><\/p>\n<p>Es ist der Nachmittag des zw\u00f6lften Tages. Um 16h treffen wir uns mit Karin und Wolfgang an der Autobahnabfahrt Tacoronte. Gemeinsam geht es weiter nach Mesa del Mar. Vorgestern haben wir vom Mirador in El Sauzal schon den Strand und die tollen Felsen bei Mesa del Mar in der Ferne bewundern k\u00f6nnen, heute k\u00f6nnen wir sie uns aus der N\u00e4he anschauen. Nun war ich schon sooo oft hier und kenne diesen Ort noch nicht. Aber es ist nicht der einzige Ort den ich hier noch nicht kenne. Teneriffa, klein wie sie ist, ist diese Insel doch ein Mikrokosmos. Will man sie wirklich erkunden muss man hier leben, so wie Karin und Wolfgang, so wie Heinz der Wanderboss und die vielen anderen Menschen die wir hier in den letzten Jahren kennen gelernt haben.<\/p>\n<p>Der Weg hinab ans Meer ist mal wieder abenteuerlich, die Stra\u00dfen sind hier so eng und steil, es ist f\u00fcr mich jedes Mal ein kleines Abenteuer. Die Beule an unserem fast neuen Opel Astra lie\u00df sich \u00fcbrigens ganz einfach mit der Hand herausdr\u00fccken. Einfach unter die Sto\u00dfstange legen und wirklich feste dr\u00fccken. Da machte es dann \u201ePlopp\u201c und weg war sie wieder. Nun sind nur noch ein paar ganz kleine Schrammen zu sehen. Genau diese Ecke war schon etwas besch\u00e4digt als wir das Auto am 10. Dezember in Empfang genommen haben. Nun l\u00e4sst sich kaum noch ausmachen welche Schramme schon da war und welche von unserem kleinen Zusammensto\u00df mich Michael aus Irland stammt.<\/p>\n<p>Am Meer angekommen gibt es einen gro\u00dfen Parkplatz, wir schultern unser Fotogep\u00e4ck und los geht es. Eigentlich sollte ich lieber sagen ICH SCHULTERE MEIN FOTOGEP\u00c4CK!\u00a0 Sandra hat heute auf eine Kamera verzichtet, Wolfgang hat seine kleine in Neuseeland ausgiebig getestete kleine Panasonic dabei, ich bin mit der D700 der D7000 einem Stativ, dem 15-35mm, dem 16-85mm, 1.4\/50mm, 24-85mm, 70-200mm und und und und unterwegs. \u00c4chz &#8211; warum nur?<\/p>\n<p>Wirklich zu beantworten vermag ich es nicht. W\u00e4hrend ich schleppe uns schwitze erz\u00e4hlt mir Wolfgang, dass die spiegellosen Kameras inzwischen Asien und die USA erobert h\u00e4tten, das gab es vor kurzer Zeit auf einer Foto-Webseite zu lesen. Nur die komischen Leute in Europa wollen noch den schweren Krempel schleppen, alles nur wegen 3% mehr Bildqualit\u00e4t&#8230; Na, vielleicht bin ich auch einer dieser komischen Typen?? Wie dem auch sei, ich mag diese gro\u00dfen Kameras mit all ihren M\u00f6glichkeiten wirklich sehr. Man hat Zugriff auf fast alle Parameter der Bilderstellung, man hat einen optischen Sucher mit extrem hoher Aufl\u00f6sung und kann alles was die Kamera machen soll selbst bestimmen. Wenn man nur will ist alles wie damals als man mit 12 Jahren seine erste Spiegelreflex-Kamera in H\u00e4nden hielt. Ich finde es cool und mir machte es wirklich Spa\u00df damit so kreativ wie m\u00f6glich zu arbeiten.<\/p>\n<p>Nach einer netten kleine Wanderung erreichen wir ein kleines Stra\u00dfencaf\u00e9. Dort sitzen die Fischer die sich hier den Tag vertreiben. Ihre Fische haben sie in den fr\u00fchen Morgenstunden gefangen, jetzt spielen sie Karten, trinken und lachen. Ein entspanntes nettes V\u00f6lkchen ist das hier.<\/p>\n<p>Wir gesellen uns dazu, es gibt kanarischen Caf\u00e9 von Leche, die Sonen scheint und wir sind im Urlaubsmodus. Etwa eine Stunde sp\u00e4ter schickt die Sonne sich an uns wieder einmal f\u00fcr etwa 12 Stunden zu verlassen. Mit all meinem Fotokrams geht es ein paar hundert Meter weiter auf einen kleinen Vorsprung aus Lava welche vor hunderten oder tausenden von Jahren auf dem Weg ins Meer erkaltet ist. Heute ist sie ein wenig glitschig und \u00fcberall gibt es kleine Pf\u00fctzen die kr\u00e4ftig nach \u201eMeer\u201c riechen.<\/p>\n<p>Wolfgang und sich fotografieren um die Wette. Er mit der kleinen aber feinen Panasonic, ich mit der Nikon D700, dem AF-S VR 4\/16-35 und einem B&amp;W 8x Graufilter. So erreiche ich bei ISO 100 relativ lange Belichtungszeiten, welche die Brandung des Meeres in unwirkliche weich verwischte Wellen aufl\u00f6sen.<\/p>\n<p>Nach hunderten von Bildern ist es dann dunkel geworden. Es geht zur\u00fcck zum Auto, ein sch\u00f6ner Tag war das. Morgen geht es dann ganz fr\u00fch zum Wandern ins Teno-Gebirge. Sandra geht mal wieder zusammen mit Karin bei Manolo reiten. Wolfgang und ich machen derweil etwas \u201evern\u00fcnftiges\u201c :-)<\/p>\n<p>Hier noch einige erste Bilder der abendlichen Fotosession. Alle Bilder sind 1000 Pixel breit, also einfach anklicken, dann wird es deutlich gr\u00f6\u00dfer. Alle Fotos sind mit der Nikon D700 und dem Nikon AF-S VR 4\/16-35mm und einem B&amp;W 8x Graufilter gemacht. Der Graufilter erm\u00f6glicht l\u00e4ngere Belichtungszeiten, die Farben ver\u00e4ndert er nicht wirklich. Der Berg im Hintergrund ist wieder einmal der Pico del Teide, Spaniens h\u00f6chster Berggipfel!!<\/p>\n<p><a href=\"http:\/\/anscharius.files.wordpress.com\/2011\/12\/dsc_9174.jpg\"><img loading=\"lazy\" decoding=\"async\" class=\"alignnone size-full wp-image-5589\" title=\"DSC_9174\" src=\"http:\/\/anscharius.files.wordpress.com\/2011\/12\/dsc_9174.jpg\" alt=\"\" width=\"590\" height=\"354\" \/><\/a><\/p>\n<p><a href=\"http:\/\/anscharius.files.wordpress.com\/2011\/12\/dsc_8541.jpg\"><img loading=\"lazy\" decoding=\"async\" class=\"alignnone size-full wp-image-5586\" title=\"DSC_8541\" src=\"http:\/\/anscharius.files.wordpress.com\/2011\/12\/dsc_8541.jpg\" alt=\"\" width=\"590\" height=\"392\" \/><\/a><\/p>\n<p><a href=\"http:\/\/anscharius.files.wordpress.com\/2011\/12\/dsc_9002.jpg\"><img loading=\"lazy\" decoding=\"async\" class=\"alignnone size-full wp-image-5587\" title=\"DSC_9002\" src=\"http:\/\/anscharius.files.wordpress.com\/2011\/12\/dsc_9002.jpg\" alt=\"\" width=\"590\" height=\"392\" \/><\/a><\/p>\n<p><a href=\"http:\/\/anscharius.files.wordpress.com\/2011\/12\/dsc_9143.jpg\"><img loading=\"lazy\" decoding=\"async\" class=\"alignnone size-full wp-image-5588\" title=\"DSC_9143\" src=\"http:\/\/anscharius.files.wordpress.com\/2011\/12\/dsc_9143.jpg\" alt=\"\" width=\"590\" height=\"392\" \/><\/a><\/p>\n<p><a href=\"http:\/\/anscharius.files.wordpress.com\/2011\/12\/dsc_9186.jpg\"><img loading=\"lazy\" decoding=\"async\" class=\"alignnone size-full wp-image-5590\" title=\"DSC_9186\" src=\"http:\/\/anscharius.files.wordpress.com\/2011\/12\/dsc_9186.jpg\" alt=\"\" width=\"590\" height=\"392\" \/><\/a><\/p>\n<p>&nbsp;<\/p>\n","protected":false},"excerpt":{"rendered":"<p>Tag 12 &#8211; Wandern bei Mesa del Mar Es ist der Nachmittag des zw\u00f6lften Tages. Um 16h treffen wir uns mit Karin und Wolfgang an der Autobahnabfahrt Tacoronte. Gemeinsam geht es weiter nach Mesa del Mar. Vorgestern haben wir vom Mirador in El Sauzal schon den Strand und die tollen Felsen bei Mesa del Mar [&hellip;]<\/p>\n","protected":false},"author":2,"featured_media":0,"comment_status":"open","ping_status":"open","sticky":false,"template":"","format":"standard","meta":{"jetpack_post_was_ever_published":false,"_jetpack_newsletter_access":"","_jetpack_dont_email_post_to_subs":false,"_jetpack_newsletter_tier_id":0,"_jetpack_memberships_contains_paywalled_content":false,"_jetpack_memberships_contains_paid_content":false,"footnotes":"","jetpack_publicize_message":"","jetpack_publicize_feature_enabled":true,"jetpack_social_post_already_shared":false,"jetpack_social_options":{"image_generator_settings":{"template":"highway","default_image_id":0,"enabled":false},"version":2}},"categories":[6,13,12,18],"tags":[23],"class_list":["post-5585","post","type-post","status-publish","format-standard","hentry","category-fotografie","category-nikon","category-photography","category-uber-mich","tag-teneriffa"],"jetpack_publicize_connections":[],"jetpack_featured_media_url":"","jetpack_shortlink":"https:\/\/wp.me\/p2px01-1s5","jetpack_sharing_enabled":true,"_links":{"self":[{"href":"https:\/\/www.nikonhumors.com\/index.php?rest_route=\/wp\/v2\/posts\/5585","targetHints":{"allow":["GET"]}}],"collection":[{"href":"https:\/\/www.nikonhumors.com\/index.php?rest_route=\/wp\/v2\/posts"}],"about":[{"href":"https:\/\/www.nikonhumors.com\/index.php?rest_route=\/wp\/v2\/types\/post"}],"author":[{"embeddable":true,"href":"https:\/\/www.nikonhumors.com\/index.php?rest_route=\/wp\/v2\/users\/2"}],"replies":[{"embeddable":true,"href":"https:\/\/www.nikonhumors.com\/index.php?rest_route=%2Fwp%2Fv2%2Fcomments&post=5585"}],"version-history":[{"count":0,"href":"https:\/\/www.nikonhumors.com\/index.php?rest_route=\/wp\/v2\/posts\/5585\/revisions"}],"wp:attachment":[{"href":"https:\/\/www.nikonhumors.com\/index.php?rest_route=%2Fwp%2Fv2%2Fmedia&parent=5585"}],"wp:term":[{"taxonomy":"category","embeddable":true,"href":"https:\/\/www.nikonhumors.com\/index.php?rest_route=%2Fwp%2Fv2%2Fcategories&post=5585"},{"taxonomy":"post_tag","embeddable":true,"href":"https:\/\/www.nikonhumors.com\/index.php?rest_route=%2Fwp%2Fv2%2Ftags&post=5585"}],"curies":[{"name":"wp","href":"https:\/\/api.w.org\/{rel}","templated":true}]}}