{"id":5578,"date":"2011-12-21T15:15:49","date_gmt":"2011-12-21T14:15:49","guid":{"rendered":"http:\/\/anscharius.wordpress.com\/?p=5578"},"modified":"2011-12-21T15:15:49","modified_gmt":"2011-12-21T14:15:49","slug":"tag-12-la-casa-de-dios","status":"publish","type":"post","link":"https:\/\/www.nikonhumors.com\/?p=5578","title":{"rendered":"Tag 12 &#8211; La Casa de Dios"},"content":{"rendered":"<p>Als Sandra mich weckt ist es kurz nach 8h &#8211; \u201eDu wolltest doch heute fr\u00fch raus und diese Ruine fotografieren?\u201c Ok, aber unter die Dusche und los in Richtung Los Realejos. Beim Mirador San Pedro wende ich meinen Mietwagen und parke am Mirador gleich neben dem alten defekten Fernrohr.<\/p>\n<p>In aller Ruhe baue ich mein gro\u00dfes BENRO Stativ auf, das Casa de Dios liegt noch im Schatten. Als ich bereit bin zeigt die Uhr etwa 9h, es ist noch viel Zeit bis die sich die ersten Sonnenstrahlen von oben rechts in der tollen Ruine verirren werden.<\/p>\n<p>W\u00e4hrend ich auf das \u201emagische Sonnenlicht\u201c warte f\u00e4llt mir weit drau\u00dfen ein Fischer auf. Also schnell den Teleconverter an das 4\/200-400mm und schon kann ich ihn mit der D7000 filmen. Sp\u00e4ter bin ich \u00fcberrascht wie gut das sogar aussieht.<\/p>\n<p>Dann ist es fast soweit, gern h\u00e4tte ich sp\u00e4ter eine kleine Zeitrafferaufnahme die zeigt, wie die Sonne langsam aber sicher Besitz von der alten Ruine ergreift. Auch wenn es fast windstill ist, so vibriert die D700 mit dem gro\u00dfen schweren Teleobjektiv bei jedem Windhauch ganz leicht. Ein Stativ ist eben niemals stabil genug&#8230;<\/p>\n<p>Auch der eingebaute VR kann hier nicht helfen. Alles was hier helfen w\u00fcrde w\u00e4re eine Querstrebe von Kameraunterseite zu einem der Beine des Stativs. So etwas gibt es von Manfrotto, es sieht bl\u00f6d aus und ich unpraktisch, aber manchmal geht es nicht ohne! Leider habe ich all das nicht dabei und so bleibt nur die Hoffnung, dass ich die leicht verwackelten Video-Sequenzen sp\u00e4ter mit iMovie oder MAGIX Video-Deluxe stabilisieren kann. Mal sehen&#8230;<\/p>\n<p>Um kurz nach 10h30 ist die Show vorbei und ich habe meine Fotos \u201eim Kasten\u201c. Witzig waren die vielen Touristen die immer mal wieder aus Bussen hinter mir ausgestr\u00f6mt sind. Viele von ihnen haben das Objektiv bewundert und dann \u00fcberlegt was ich denn wohl fotografieren will. Lediglich eine junge Frau hat es kapiert und schnell ihr Tele an ihre CANON montiert. Aber als sie wieder abfuhrt war das Casa de Dios noch gar nicht im \u201erichtigen Licht\u201c zu sehen.<\/p>\n<p>Ein deutscher Tourist hat mich sogar gefragt ob ich Privatdetektiv sein und mit diesem riesigen Teleobjektiv jemanden observieren w\u00fcrde. Leute gibt es, ich denke er hat zuviel SAT-1 und RTL geschaut&#8230;<\/p>\n<p>Zur\u00fcck auf unserer kleinen Finca gibt es ein kleines Fr\u00fchst\u00fcck und w\u00e4hrend ich dies hier schreibe sonnt Sandra sich drau\u00dfen auf der Terrasse. Das Leben kann sch\u00f6n und entspannt sein, ganz besonders auf der Finca San Juan bei Los Realejos :-)<\/p>\n<p>Hier ein Beispielfoto aus der Nikon D700 mit dem Nikon AF-S VR 4\/200-400 und Teleconverter Nikon TC-17E II.<\/p>\n<p><a href=\"http:\/\/anscharius.files.wordpress.com\/2011\/12\/dsc_8418.jpg\"><img loading=\"lazy\" decoding=\"async\" class=\"alignnone size-full wp-image-5580\" title=\"DSC_8418\" src=\"http:\/\/anscharius.files.wordpress.com\/2011\/12\/dsc_8418.jpg\" alt=\"\" width=\"590\" height=\"391\" \/><\/a><\/p>\n","protected":false},"excerpt":{"rendered":"<p>Als Sandra mich weckt ist es kurz nach 8h &#8211; \u201eDu wolltest doch heute fr\u00fch raus und diese Ruine fotografieren?\u201c Ok, aber unter die Dusche und los in Richtung Los Realejos. Beim Mirador San Pedro wende ich meinen Mietwagen und parke am Mirador gleich neben dem alten defekten Fernrohr. In aller Ruhe baue ich mein [&hellip;]<\/p>\n","protected":false},"author":2,"featured_media":0,"comment_status":"open","ping_status":"open","sticky":false,"template":"","format":"standard","meta":{"jetpack_post_was_ever_published":false,"_jetpack_newsletter_access":"","_jetpack_dont_email_post_to_subs":false,"_jetpack_newsletter_tier_id":0,"_jetpack_memberships_contains_paywalled_content":false,"_jetpack_memberships_contains_paid_content":false,"footnotes":"","jetpack_publicize_message":"","jetpack_publicize_feature_enabled":true,"jetpack_social_post_already_shared":false,"jetpack_social_options":{"image_generator_settings":{"template":"highway","default_image_id":0,"enabled":false},"version":2}},"categories":[6,13,12,18],"tags":[27,23],"class_list":["post-5578","post","type-post","status-publish","format-standard","hentry","category-fotografie","category-nikon","category-photography","category-uber-mich","tag-nikon-d700","tag-teneriffa"],"jetpack_publicize_connections":[],"jetpack_featured_media_url":"","jetpack_shortlink":"https:\/\/wp.me\/p2px01-1rY","jetpack_sharing_enabled":true,"_links":{"self":[{"href":"https:\/\/www.nikonhumors.com\/index.php?rest_route=\/wp\/v2\/posts\/5578","targetHints":{"allow":["GET"]}}],"collection":[{"href":"https:\/\/www.nikonhumors.com\/index.php?rest_route=\/wp\/v2\/posts"}],"about":[{"href":"https:\/\/www.nikonhumors.com\/index.php?rest_route=\/wp\/v2\/types\/post"}],"author":[{"embeddable":true,"href":"https:\/\/www.nikonhumors.com\/index.php?rest_route=\/wp\/v2\/users\/2"}],"replies":[{"embeddable":true,"href":"https:\/\/www.nikonhumors.com\/index.php?rest_route=%2Fwp%2Fv2%2Fcomments&post=5578"}],"version-history":[{"count":0,"href":"https:\/\/www.nikonhumors.com\/index.php?rest_route=\/wp\/v2\/posts\/5578\/revisions"}],"wp:attachment":[{"href":"https:\/\/www.nikonhumors.com\/index.php?rest_route=%2Fwp%2Fv2%2Fmedia&parent=5578"}],"wp:term":[{"taxonomy":"category","embeddable":true,"href":"https:\/\/www.nikonhumors.com\/index.php?rest_route=%2Fwp%2Fv2%2Fcategories&post=5578"},{"taxonomy":"post_tag","embeddable":true,"href":"https:\/\/www.nikonhumors.com\/index.php?rest_route=%2Fwp%2Fv2%2Ftags&post=5578"}],"curies":[{"name":"wp","href":"https:\/\/api.w.org\/{rel}","templated":true}]}}