{"id":5572,"date":"2011-12-21T15:12:26","date_gmt":"2011-12-21T14:12:26","guid":{"rendered":"http:\/\/anscharius.wordpress.com\/?p=5572"},"modified":"2011-12-21T15:12:26","modified_gmt":"2011-12-21T14:12:26","slug":"tag-11-exkursion-in-das-anaga-gebirge","status":"publish","type":"post","link":"https:\/\/www.nikonhumors.com\/?p=5572","title":{"rendered":"Tag 11 &#8211; Exkursion in das Anaga-Gebirge"},"content":{"rendered":"<p><a href=\"http:\/\/anscharius.files.wordpress.com\/2011\/12\/d70_9488.jpg\"><img loading=\"lazy\" decoding=\"async\" class=\"alignnone size-full wp-image-5573\" title=\"D70_9488\" src=\"http:\/\/anscharius.files.wordpress.com\/2011\/12\/d70_9488.jpg\" alt=\"\" width=\"590\" height=\"391\" \/><\/a><\/p>\n<p>Neben den Canadas del Teide ist das Anaga-Gebirge im Norden Teneriffas eines meiner pers\u00f6nlichen Highlights. Nach den wolkigen Tagen geht es am Montag vor Weihnachten gegen Mittag los in diese sch\u00f6ne urw\u00fcchsige Bergregion. Unser Ziel ist Benijo, ein winzig kleiner Ort am Ende einer echt langen kurvenreichen Sackgasse.<\/p>\n<p>Der Weg dorthin f\u00fchrt durch mystische W\u00e4lder und atemberaubende Passstra\u00dfen. F\u00e4hrt man etwas langsamer, so wird auch den Beifahrern bei den vielen engen Kurven nicht \u00fcbel :-)<\/p>\n<p>Mit einigen Stopps dauert unsere Anfahrt dauert fast drei Stunden. Als wir in Benijo eintreffen haben wir Hunger und sind froh, dass es in der Bar \u201eEl Fron\u00f3n\u201c leckeren gegrillten Fisch gibt.<\/p>\n<p>Danach wandere ich die vielen Stufen hinab zum einsamen Strand mit Blick auf den Roque de Benijo. Dort vergn\u00fcge ich mich mehrere Stunden mit der Nikon D700 und dem SAMYANG 2.8\/14mm Fisheye. Zwischendurch wird ein wenig mit der D7000 gefilmt, dann kommt das Nikon AF-S VR 4\/16-35mm an die D700. Am Meer liegen viele gro\u00dfe Felsbrocken, teilweise sind sie mit grell gr\u00fcnem Moos bewachsen. Einige haben kleine Dellen in den sich kleine Pf\u00fctzen gebildet haben. Gern w\u00fcrde ich eine solche Pf\u00fctze mit dem Weitwinkel ganz gro\u00df im Vordergrund abbilden. Aber die Steine sind auch glitschig und nirgendwo kann ich mein Stativ ordentlich aufstellen. Das ist alles gar nicht so einfach wie ich es mir zuvor ausgemalt habe.<\/p>\n<p>Nach einiger Zeit verliere ich ein wenig die Lust und ich beschlie\u00dfe zu den absoluten Anf\u00e4ngen der Fotografie zur\u00fcck zu kehren, zumindest teilweise. Vor meine D700 kommt eine \u201eWeitwinkel-Lochblende\u201c. Dieses Ding hat irgendwas um Blende 128 oder so, es ist nur ein kleines Loch, dass mit einem Laser-Strahl in eine Art Geh\u00e4usedeckel geschossen wurde. Kein Glas kein nichts, nur ein kleines Loch &#8211; schon fertig&#8230;<\/p>\n<p>Bei der D700 reicht das einfallende Licht aus um den Life-View mit ausreichend viel Licht zu versorgen. So kann man seine Bilder in Ruhe komponieren. Wegen der winzig kleinen Blende sind bei ISO-100 Belichtungszeiten von bis zu 2 Sekunden m\u00f6glich. Damit ist das Wasser malerisch verwischt, doch es ist gar nicht so einfach bei heftigem Wind zwei Sekunden lang die Kamera still zu halten. Trotz Stativ sind viele Bilder verwackelt. Ein Stativ kann eben nie zu schwer und stabil genug sein. Also muss man warten bis der Wind kurz abflaut. Ein Geduldspiel, fast wie beim Angeln&#8230;<\/p>\n<p>Etwas l\u00e4stig ist, dass der Wechsel zwischen Spiegelvorausl\u00f6sung und Life-View bei der D700 etwas fummelig ist. Na ja, man kann nicht alles haben, vielleicht kann das die D4 oder D800 irgendwann einmal etwas besser.<\/p>\n<p>Nach meiner langen Fotosession geht es die vielen Stufen zum Auto hinauf und wir fahren zur\u00fcck in Richtung \u201eLas Mercedes\u201c. Am letzten Mirador angekommen schieben sich gerade schwere Wolken mit abenteuerlicher Geschwindigkeit vor die Sonne. Diese schickt sich an in 10 bis 20 Minuten hinter dem Pico del Teide zu verschwinden. W\u00e4hrend Sandra bei einem Gem\u00fcseh\u00e4ndler einige Kaktus-Fr\u00fcchte einkauft, lasse ich die kleine GoPro auf der Eieruhr die Szenerie aufzeichnen. Mit der D7000 und dem 16-85mm mache ich einige Fotos und zeichne einige Video-Sequenzen auf. Diese kleine Kamera macht mir immer wieder richtig viel Spa\u00df!<\/p>\n<p>Sp\u00e4ter daheim bin ich bei der RAW-Konvertierung ziemlich \u00fcberrascht, was sich trotz der krassen Gegenlicht-Situation f\u00fcr sch\u00f6ne Fotos ergeben haben!<\/p>\n<p><a href=\"http:\/\/anscharius.files.wordpress.com\/2011\/12\/d70_9560.jpg\"><img loading=\"lazy\" decoding=\"async\" class=\"alignnone size-full wp-image-5574\" title=\"D70_9560\" src=\"http:\/\/anscharius.files.wordpress.com\/2011\/12\/d70_9560.jpg\" alt=\"\" width=\"590\" height=\"391\" \/><\/a><\/p>\n<p>Hier noch zwei Beispielfotos die mit der Lochblende an der D700 entstanden sind.<\/p>\n<p><a href=\"http:\/\/anscharius.files.wordpress.com\/2011\/12\/dsc_8155.jpg\"><img loading=\"lazy\" decoding=\"async\" class=\"alignnone size-full wp-image-5575\" title=\"DSC_8155\" src=\"http:\/\/anscharius.files.wordpress.com\/2011\/12\/dsc_8155.jpg\" alt=\"\" width=\"590\" height=\"392\" \/><\/a><\/p>\n<p><a href=\"http:\/\/anscharius.files.wordpress.com\/2011\/12\/dsc_8341-bw.jpg\"><img loading=\"lazy\" decoding=\"async\" class=\"alignnone size-full wp-image-5576\" title=\"DSC_8341-BW\" src=\"http:\/\/anscharius.files.wordpress.com\/2011\/12\/dsc_8341-bw.jpg\" alt=\"\" width=\"590\" height=\"392\" \/><\/a><\/p>\n<p>Zum Abendessen geht es dann einmal wieder in das Monasterio bei Los Realejos, heute gibt es dort Bier und Garbanzas &#8211; lecker!<\/p>\n<p>&nbsp;<\/p>\n<div><\/div>\n","protected":false},"excerpt":{"rendered":"<p>Neben den Canadas del Teide ist das Anaga-Gebirge im Norden Teneriffas eines meiner pers\u00f6nlichen Highlights. Nach den wolkigen Tagen geht es am Montag vor Weihnachten gegen Mittag los in diese sch\u00f6ne urw\u00fcchsige Bergregion. Unser Ziel ist Benijo, ein winzig kleiner Ort am Ende einer echt langen kurvenreichen Sackgasse. Der Weg dorthin f\u00fchrt durch mystische W\u00e4lder [&hellip;]<\/p>\n","protected":false},"author":2,"featured_media":0,"comment_status":"open","ping_status":"open","sticky":false,"template":"","format":"standard","meta":{"jetpack_post_was_ever_published":false,"_jetpack_newsletter_access":"","_jetpack_dont_email_post_to_subs":false,"_jetpack_newsletter_tier_id":0,"_jetpack_memberships_contains_paywalled_content":false,"_jetpack_memberships_contains_paid_content":false,"footnotes":"","jetpack_publicize_message":"","jetpack_publicize_feature_enabled":true,"jetpack_social_post_already_shared":false,"jetpack_social_options":{"image_generator_settings":{"template":"highway","default_image_id":0,"enabled":false},"version":2}},"categories":[6,13,12],"tags":[23],"class_list":["post-5572","post","type-post","status-publish","format-standard","hentry","category-fotografie","category-nikon","category-photography","tag-teneriffa"],"jetpack_publicize_connections":[],"jetpack_featured_media_url":"","jetpack_shortlink":"https:\/\/wp.me\/p2px01-1rS","jetpack_sharing_enabled":true,"_links":{"self":[{"href":"https:\/\/www.nikonhumors.com\/index.php?rest_route=\/wp\/v2\/posts\/5572","targetHints":{"allow":["GET"]}}],"collection":[{"href":"https:\/\/www.nikonhumors.com\/index.php?rest_route=\/wp\/v2\/posts"}],"about":[{"href":"https:\/\/www.nikonhumors.com\/index.php?rest_route=\/wp\/v2\/types\/post"}],"author":[{"embeddable":true,"href":"https:\/\/www.nikonhumors.com\/index.php?rest_route=\/wp\/v2\/users\/2"}],"replies":[{"embeddable":true,"href":"https:\/\/www.nikonhumors.com\/index.php?rest_route=%2Fwp%2Fv2%2Fcomments&post=5572"}],"version-history":[{"count":0,"href":"https:\/\/www.nikonhumors.com\/index.php?rest_route=\/wp\/v2\/posts\/5572\/revisions"}],"wp:attachment":[{"href":"https:\/\/www.nikonhumors.com\/index.php?rest_route=%2Fwp%2Fv2%2Fmedia&parent=5572"}],"wp:term":[{"taxonomy":"category","embeddable":true,"href":"https:\/\/www.nikonhumors.com\/index.php?rest_route=%2Fwp%2Fv2%2Fcategories&post=5572"},{"taxonomy":"post_tag","embeddable":true,"href":"https:\/\/www.nikonhumors.com\/index.php?rest_route=%2Fwp%2Fv2%2Ftags&post=5572"}],"curies":[{"name":"wp","href":"https:\/\/api.w.org\/{rel}","templated":true}]}}