{"id":5553,"date":"2011-12-18T22:28:58","date_gmt":"2011-12-18T21:28:58","guid":{"rendered":"http:\/\/anscharius.wordpress.com\/?p=5553"},"modified":"2011-12-18T22:28:58","modified_gmt":"2011-12-18T21:28:58","slug":"nikon-d700-sterne-fotografieren","status":"publish","type":"post","link":"https:\/\/www.nikonhumors.com\/?p=5553","title":{"rendered":"Nikon D700 &#8211; Sterne fotografieren"},"content":{"rendered":"<p>Tag 9 &#8211; Schwere Wolken &#8211; Keine Fotos<\/p>\n<p>Als ich wach werde bin ich allein, die Uhr auf dem Nachttischchen neben mir zeigt 8h50. Im Bad dr\u00f6hnt ein F\u00f6n, Zeit aufzustehen! Kurz drauf gibt es wieder ein famoses Fr\u00fchst\u00fcck. Es ist wieder Sonntag, also gibt es Wei\u00dfw\u00fcrstchen mit s\u00fc\u00dfem Senf und Brezeln &#8211; super! Danach etwas S\u00fc\u00dfes, Kaffee und Sekt, so kann der Tag beginnen.<\/p>\n<p>Sp\u00e4ter finde ich auf meinem Telefon eine SMS von meinem deutschen Mobilfunk-Provider:<\/p>\n<p>Sie haben 80 Prozent des Daten Roaming Limits erreicht. F\u00fcr weitere Datennutzung in der EU nach Erreichen des Limits geben Sie bitte *142# in Ihr Endger\u00e4t ein.<\/p>\n<p>Mein aktueller Tarif \u201eReisevorteil Plus\u201c enth\u00e4lt ein gewisses Datenvolumen, wenn ich mich nicht irre sind es 300 MB zum Preis von 50 Euro. Nach Erreichen dieses Limits wird der Datenverkehr abgeschaltet. Wie ich mit einige wenigen BLOG-Eintr\u00e4gen schon bei 300MB \/ 100 * 80 = 240MB angekommen bin ich mir h\u00f6chst schleierhaft. Ich denke, da Thema \u201eDatentelefonie im Ausland\u201c wird auch innerhalb der EU noch f\u00fcr Jahre ein leidiges kostspieliges Thema bleiben.<\/p>\n<p>Sp\u00e4ter am Abend gebe ich dann *142# ein und dr\u00fccke auf \u201eAnrufen\u201c. Einen kurzen Augenblick sp\u00e4ter zeigt mein Telefon diese Meldung an \u201eIhr Datenlimit wurde aufgehoben\u201c. Ok, ab jetzt kann es ggfs. so richtig fies teuer werden!<\/p>\n<p>Ab jetzt hei\u00dft es also \u201eVertrauen ist gut, Kontrolle ist besser!\u201c Auf meinem Android-Telefon habe ich das kleine APP \u201eNetCounter von Cyril Jaquier\u201c Es zeigt mir derzeit an, dass ich w\u00e4hrend der letzten 7 Tage 107,78 MB verbraucht habe. Das ist deutlich weniger als 240MB &#8211; oder? Heute ist der neunte Tag auf Teneriffa, w\u00e4hrend der ersten beiden Tage habe ich meine Telefon gar nicht benutzt. Also entweder habe ich mich verrechnet, das Programm hat einen Fehler oder mein Mobilfunk-Provider \u201ebeschei\u00dft\u201c &#8211; was ich eigentlich nicht glauben kann. Ich denke eher, dass es beim Datenvolumen um Down- und Up-Stream geht und dass das kleine APP ggfs. nicht beide \u201eRichtungen\u201c aufzeichnet.<\/p>\n<p>Okay, zur\u00fcck zum Thema des Tages: Am Himmel k\u00fcnden schwere Wolken eine kleine Schlechtwetterperiode an. Was tun? Egal, im Augenblick scheint die Sonne, also ab auf die Liege und etwas Sonne tanken. Erst gegen Mittag haben wir Lust etwas zu unternehmen. Mit dem Auto geht es zum Alcampo, dem gro\u00dfen Einkaufszentrum bei Puerto de la Cruz. W\u00e4hrend ich durch die Elektronik-Abteilung schleiche kauft Sandra Ersatz f\u00fcr ihre zerbrochene Haarspange. Ich studiere ein wenig die Preise und muss erneut feststellen, dass es kaum einen Unterschied macht. Es lohnt sich nicht irgendwelche Fotosachen hier zu kaufen. Teilweise werden sogar Auslaufmodelle zu Preisen angeboten die in Deutschland l\u00e4ngst \u00fcberholt w\u00e4ren. In Las Vegas w\u00e4re es etwas anderes, dort w\u00fcrde es sich ggfs. lohnen ein wenig Zubeh\u00f6r f\u00fcr Notebook, Camera &amp; Co. zu erstehen, hier auf Teneriffa lohnt es eher nicht.<\/p>\n<p>Klar kann man in Puerto de la Cruz an der Promenade bei einem der vielen \u201eFoto-Inder\u201c auf das eine oder andere Schn\u00e4ppchen hoffen. Aber was dort angeboten wird ist in der Regel spezielle \u201eTouristen-Ware\u201c. Artikel f\u00fcr Leute die damit nach Hause fliegen und erst dort bemerken, dass etwas nicht ganz ok ist, oder dass der Artikel vielleicht sogar schon benutzt oder nicht ganz vollst\u00e4ndig ist. Also lieber die Finger davon lassen!<\/p>\n<p>Nach mehreren Stunden im Alcampo telefonieren wir kurz mit Wolfgang und Karin und verabreden uns zum Eis am Mirador bei El Sauzal. Dort angekommen ist es schwer bew\u00f6lkt. Meine D7000 lasse ich einfach im Kofferraum. Lediglich den kleinen ZOOM H2 und meine GoPro auf der \u201eEieruhr\u201c nehme ich mal mit. Am Mirador ist ein rostiges altes Ger\u00fcst. Dort wurden einst Waren mit einer Winde an Seilen vom Meer hinauf transportiert. Heute ist es nur noch ein rostiges Relikt aus alten Zeiten. Aber es ist aus Eisen und meine Eieruhr hat auf der Unterseite einen Dauermagneten. So haftet meine kleine Kamera ganz prima an diesem Ger\u00fcst. Ich lasse sie mal eine halbe Stunde vor sich hin filmen. Dann noch eine etwas andere Position und pl\u00f6tzlich sp\u00fcre ich die ersten Regentropfen. Also ab ins Auto. Ein paar Minuten sp\u00e4ter ist der Regen schon wieder Geschichte und Wolfgang und Karin sind auch schon da.<\/p>\n<p>Unten am Mirador gibt es eine kleine nette Eisdiele. Ich freue mich jetzt auf einen leckeren Krokant-Becher! W\u00e4hrend wir schmausen und plauschen gehen erneut ein paar Regentropfen nieder, aber wir r\u00fccken unter den Sonnenschirmen etwas zusammen, alles gar kein Problem. Gegen 17h verabschieden wir uns und fahren in Richtung Monasterio. Dort finden wir auch gleich einen Tisch und der Oberkellner empfiehlt und das frische Spanferkel mit Salat, kanarischen Pellkartoffeln und Apfelmus. Dazu ein gro\u00dfes Bier und schon bin ich der gl\u00fccklichste Mensch auf Erden &#8211; ist doch ganz einfach.<\/p>\n<p>Diese enorme K\u00f6stlichkeit runden wir mit einer Crema Catalana und einem Glas Calvados ab. Alles zusammen kostet knapp 60 Euro.<\/p>\n<p>Daheim auf unserer Finca ist der Himmel wieder klar und ich versuche mich mal an ein paar Sternenbildern mit der Nikon D700 und dem neuen AF-S 1,4\/50mm. Bei echt hohen ISO-Werten, Blende 1,4 und 4s gelingen Bilder mit nicht verwischten Sternbildern. Doch sie sind dann doch etwas verrauscht und eine Vignettierung der Bildr\u00e4nder ist auch ganz deutlich sichtbar. Bei Blende 2,8 ist die Vignettierung kaum noch sichtbar, steigert man die Belichtungszeit auf etwa 8 Sekunden sind bei ISO 16.000 noch ganz passable Sternenfotos m\u00f6glich.<\/p>\n<p>Gern h\u00e4tte ich ein paar Fotos der Milchstra\u00dfe, wenn ich nur w\u00fcsste wo sie ist!! Hoch oben auf in 2250 Metern H\u00f6he am Fu\u00dfe des Pico del Teide sollte es bei klarem Himmel mit dem AF-S 4\/200-400 und meinem stabilen BENRO Stativ eigentlich irgendwie gehen. Mit dem 50mm Objektiv entstehen eigentlich nur Fotos die eine relativ gleichm\u00e4\u00dfige Verteilung heller Punkte zeigen. Nicht wirklich sch\u00f6n sieht das aus. Aber wo ist die Milchstra\u00dfe? Ich versuche es mal mit Google Skymap, aber das will auch nicht so richtig klappen.<\/p>\n<p>Heute ist Sonntag und in 7 Tagen geht es leider schon wieder zur\u00fcck nach Deutschland. Eigentlich ist jede Reise immer viel zu kurz. Es w\u00e4re ein echter Traum mal ein halbes Jahr oder l\u00e4nger um die Welt reisen und sich g\u00e4nzlich der Fotografie und der Kommunikation mit Land und Leute verschreiben zu k\u00f6nnen. Aber bis das klappt muss man wohl in Rente sein oder einen reichen Sponsor finden.<\/p>\n<p>Falls diese Zeilen von einem potentiellen reichen Sponsor gelesen werden sollten, ich w\u00e4re bereit t\u00e4glich zu berichten und viele sch\u00f6ne Geschichten und Fotos zu ver\u00f6ffentlichen! Entsprechende Spendenquittungen w\u00fcrde ich nat\u00fcrlich auch gern ausstellen :-)<\/p>\n<p>Okay, jedenfalls geht wieder ein Tag zu Ende und es ist wieder an Tag an dem weder eines meiner beiden Teleobjektive, noch der Teleconverter, die AW-100 oder sonstiges Fotozeugs benutzt worden w\u00e4ren&#8230;<\/p>\n<p>Eigentlich sollte ich mal mit einer Packung frischer Rollfilme, einer 500er Hasselblad und einigen wenigen Objektiven hierhin reisen. Am Ende w\u00fcrde vielleicht sogar mehr sch\u00f6ne Fotos entstehen als mit all dem digitalen Ballast den ich derzeit mal wieder mit mir herum schleppe. Na mal sehen, vielleicht im n\u00e4chsten Jahr :-)<\/p>\n<p>Das war also Tag 9 &#8211; man k\u00f6nnte ihn so zusammenfassen: \u201eGr\u00f6\u00dftenteils harmlos!\u201c<\/p>\n<p>Hier noch zwei Beispiel des Nachthimmels \u00fcber unserer kleinen Finca &#8211; gesehen durch ein 50mm Objektiv. Man sieht ja echt viele Sterne, aber wirklich sch\u00f6n sieht da eigentlich nichts aus&#8230; Die Bilder sind \u00fcbrigens wie immer 1000 Pixel breit &#8211; also einfach anklicken um sie in der &#8222;1000er Aufl\u00f6sung&#8220; zu sehen.<\/p>\n<p><a href=\"http:\/\/anscharius.files.wordpress.com\/2011\/12\/dsc_5275.jpg\"><img loading=\"lazy\" decoding=\"async\" class=\"alignnone size-full wp-image-5554\" title=\"DSC_5275\" src=\"http:\/\/anscharius.files.wordpress.com\/2011\/12\/dsc_5275.jpg\" alt=\"\" width=\"590\" height=\"392\" \/><\/a><\/p>\n<p><a href=\"http:\/\/anscharius.files.wordpress.com\/2011\/12\/dsc_5289.jpg\"><img loading=\"lazy\" decoding=\"async\" class=\"alignnone size-full wp-image-5555\" title=\"DSC_5289\" src=\"http:\/\/anscharius.files.wordpress.com\/2011\/12\/dsc_5289.jpg\" alt=\"\" width=\"590\" height=\"392\" \/><\/a><\/p>\n<div><\/div>\n","protected":false},"excerpt":{"rendered":"<p>Tag 9 &#8211; Schwere Wolken &#8211; Keine Fotos Als ich wach werde bin ich allein, die Uhr auf dem Nachttischchen neben mir zeigt 8h50. Im Bad dr\u00f6hnt ein F\u00f6n, Zeit aufzustehen! Kurz drauf gibt es wieder ein famoses Fr\u00fchst\u00fcck. Es ist wieder Sonntag, also gibt es Wei\u00dfw\u00fcrstchen mit s\u00fc\u00dfem Senf und Brezeln &#8211; super! Danach [&hellip;]<\/p>\n","protected":false},"author":2,"featured_media":0,"comment_status":"open","ping_status":"open","sticky":false,"template":"","format":"standard","meta":{"jetpack_post_was_ever_published":false,"_jetpack_newsletter_access":"","_jetpack_dont_email_post_to_subs":false,"_jetpack_newsletter_tier_id":0,"_jetpack_memberships_contains_paywalled_content":false,"_jetpack_memberships_contains_paid_content":false,"footnotes":"","jetpack_publicize_message":"","jetpack_publicize_feature_enabled":true,"jetpack_social_post_already_shared":false,"jetpack_social_options":{"image_generator_settings":{"template":"highway","default_image_id":0,"enabled":false},"version":2}},"categories":[6,13,12,18],"tags":[25,27,23],"class_list":["post-5553","post","type-post","status-publish","format-standard","hentry","category-fotografie","category-nikon","category-photography","category-uber-mich","tag-gopro","tag-nikon-d700","tag-teneriffa"],"jetpack_publicize_connections":[],"jetpack_featured_media_url":"","jetpack_shortlink":"https:\/\/wp.me\/p2px01-1rz","jetpack_sharing_enabled":true,"_links":{"self":[{"href":"https:\/\/www.nikonhumors.com\/index.php?rest_route=\/wp\/v2\/posts\/5553","targetHints":{"allow":["GET"]}}],"collection":[{"href":"https:\/\/www.nikonhumors.com\/index.php?rest_route=\/wp\/v2\/posts"}],"about":[{"href":"https:\/\/www.nikonhumors.com\/index.php?rest_route=\/wp\/v2\/types\/post"}],"author":[{"embeddable":true,"href":"https:\/\/www.nikonhumors.com\/index.php?rest_route=\/wp\/v2\/users\/2"}],"replies":[{"embeddable":true,"href":"https:\/\/www.nikonhumors.com\/index.php?rest_route=%2Fwp%2Fv2%2Fcomments&post=5553"}],"version-history":[{"count":0,"href":"https:\/\/www.nikonhumors.com\/index.php?rest_route=\/wp\/v2\/posts\/5553\/revisions"}],"wp:attachment":[{"href":"https:\/\/www.nikonhumors.com\/index.php?rest_route=%2Fwp%2Fv2%2Fmedia&parent=5553"}],"wp:term":[{"taxonomy":"category","embeddable":true,"href":"https:\/\/www.nikonhumors.com\/index.php?rest_route=%2Fwp%2Fv2%2Fcategories&post=5553"},{"taxonomy":"post_tag","embeddable":true,"href":"https:\/\/www.nikonhumors.com\/index.php?rest_route=%2Fwp%2Fv2%2Ftags&post=5553"}],"curies":[{"name":"wp","href":"https:\/\/api.w.org\/{rel}","templated":true}]}}