{"id":5293,"date":"2011-11-16T00:33:17","date_gmt":"2011-11-15T23:33:17","guid":{"rendered":"http:\/\/anscharius.wordpress.com\/?p=5293"},"modified":"2011-11-16T00:33:17","modified_gmt":"2011-11-15T23:33:17","slug":"nikon-aw-100-panoramatest","status":"publish","type":"post","link":"https:\/\/www.nikonhumors.com\/?p=5293","title":{"rendered":"Nikon AW-100 Panoramatest"},"content":{"rendered":"<p>Es ist Sonntag die Sonne lacht und Sandra und ich wollen noch ein wenig an die frische Luft. Also geht es mit dem Auto nach Wachtberg. In der &#8222;Waldesruh&#8220; gibt es G\u00e4nsekeule mit Kn\u00f6deln und Rotkohl. Frisch gest\u00e4rkt machen wir uns an einen kleinen Spaziergang durch den vorwinterlichen Wald. In der Jackentasche habe ich die neue Nikon AW-100 mit aufgesetztem Polarisations-Filter. Die Farben des Waldes sind gro\u00dfartig und das milde Sonnenlicht des sp\u00e4ten Nachmittags l\u00e4sst das Laub der B\u00e4ume in den allersch\u00f6nsten Farben aufleuchten. Der Polfilter unterstreicht die Farben sehr wirkungsvoll!<\/p>\n<p><a href=\"http:\/\/anscharius.files.wordpress.com\/2011\/11\/dscn1307.jpg\"><img loading=\"lazy\" decoding=\"async\" class=\"alignnone size-full wp-image-5294\" title=\"DSCN1307\" src=\"http:\/\/anscharius.files.wordpress.com\/2011\/11\/dscn1307.jpg\" alt=\"\" width=\"590\" height=\"443\" \/><\/a><\/p>\n<p><a href=\"http:\/\/anscharius.files.wordpress.com\/2011\/11\/dscn1312.jpg\"><img loading=\"lazy\" decoding=\"async\" class=\"alignnone size-full wp-image-5295\" title=\"DSCN1312\" src=\"http:\/\/anscharius.files.wordpress.com\/2011\/11\/dscn1312.jpg\" alt=\"\" width=\"590\" height=\"443\" \/><\/a><\/p>\n<p><a href=\"http:\/\/anscharius.files.wordpress.com\/2011\/11\/dscn1329.jpg\"><img loading=\"lazy\" decoding=\"async\" class=\"alignnone size-full wp-image-5296\" title=\"DSCN1329\" src=\"http:\/\/anscharius.files.wordpress.com\/2011\/11\/dscn1329.jpg\" alt=\"\" width=\"590\" height=\"785\" \/><\/a><\/p>\n<p><a href=\"http:\/\/anscharius.files.wordpress.com\/2011\/11\/dscn1333.jpg\"><img loading=\"lazy\" decoding=\"async\" class=\"alignnone size-full wp-image-5297\" title=\"DSCN1333\" src=\"http:\/\/anscharius.files.wordpress.com\/2011\/11\/dscn1333.jpg\" alt=\"\" width=\"590\" height=\"443\" \/><\/a><\/p>\n<p>Mitten im Wald versuche ich mal meinen &#8222;Spezialtrick&#8220;. Ich hauche das kleine flache Frontglas der AW-100 an und schie\u00dfe einige Fotos. Das Ergebnis gef\u00e4llt mir recht gut, es ist eine fast impressionistische Stimmung. Zum direkten Vergleich hier zweimal das gleiche Motiv!<\/p>\n<p><a href=\"http:\/\/anscharius.files.wordpress.com\/2011\/11\/dscn1342.jpg\"><img loading=\"lazy\" decoding=\"async\" class=\"alignnone size-full wp-image-5298\" title=\"DSCN1342\" src=\"http:\/\/anscharius.files.wordpress.com\/2011\/11\/dscn1342.jpg\" alt=\"\" width=\"590\" height=\"443\" \/><\/a><\/p>\n<p>Zur\u00fcck am Auto hat die Sonne den Horizont schon fast erreicht. Wir m\u00fcssen noch Tanken, meine schwarze Rakete braucht frisches Heiz\u00f6l&#8230; Auf dem Heimweg kommen wir an einem kleinen Waldparkplatz vorbei. Ich parke mein Auto in der Sonne und schnappe mir Sandras gro\u00dfes Stativ und die winzige kleine Nikon AW-100. Sandra bleibt im Auto, ihr ist es drau\u00dfen zu kalt. Sie will die letzten Sonnenstrahlen genie\u00dfen. Im Stechschritt geht es mit dem Stativ auf der Schulter und der AW-100 in der Hand in den Wald hinein. Zwischendurch kommen mir immer wieder Leute entgegen. Jeder zweite hat eine Kamera dabei, meist sind es die M\u00e4nner und meist haben sie eine Canon in der Hand. Alle blicken mich ein wenig fragend an mit dem gro\u00dfen Stativ auf der Schulter und der winzigen AW-100 in der Hand. Aber sie wissen ja auch nicht was ich ausprobieren will!<\/p>\n<p>Ein St\u00fcck weiter bin ich an diesem kleinen gelb gestrichenen H\u00e4uschen angekommen. Schnell das Stativ aufstellen und ein paar Panoramaschwenks ausprobieren. Auf den Manfrotto Fluid-Neider schraube ich eine kleine selbstgebaute Vorrichtung mit der ich die AW-100 sehr einfach in das Hochformat bringen kann.<\/p>\n<p><a href=\"http:\/\/anscharius.files.wordpress.com\/2011\/11\/dscn1441.jpg\"><img loading=\"lazy\" decoding=\"async\" class=\"alignnone size-full wp-image-5302\" title=\"DSCN1441\" src=\"http:\/\/anscharius.files.wordpress.com\/2011\/11\/dscn1441.jpg\" alt=\"\" width=\"590\" height=\"785\" \/><\/a><\/p>\n<p>&nbsp;<\/p>\n<p><a href=\"http:\/\/anscharius.files.wordpress.com\/2011\/11\/d70_8406.jpg\"><img loading=\"lazy\" decoding=\"async\" class=\"alignnone size-full wp-image-5309\" title=\"D70_8406\" src=\"http:\/\/anscharius.files.wordpress.com\/2011\/11\/d70_8406.jpg\" alt=\"\" width=\"590\" height=\"889\" \/><\/a><\/p>\n<p>Es ist ein kleiner Winkel aus dem Baumarkt f\u00fcr 1,68 Euro. Am k\u00fcrzeren Schenkel hat er zwei Bohrungen und ein Langloch. Daheim habe ich mit einer Feile den Steg zwischen Langloch und der \u00e4u\u00dferen Bohrung &#8222;ge\u00f6ffnet&#8220;. Nun kann ich den Winkel so auf dem Stativ positionieren, dass sich die AW-100 um den Nodalpunkt drehen l\u00e4sst. Damit sollten sch\u00f6ne Panoramafotos m\u00f6glich sein! F\u00fcr die Befestigung der Kamera verwende ich drei Schrauben aus einem HAMA Schraubensatz. Die im Bild gezeigte untere Mutter wird mit einem Gegenst\u00fcck aus Aluminium gesichert. Die Schraube an der ich die AW-100 befestigen m\u00f6chte stecht lose in einer der Bohrungen. Diese habe ich daheim ordentlich mit einer runden Feile vergr\u00f6\u00dfern m\u00fcssen, damit die Schraube auch hindurch passt. Nun steckt sie aber lose in dem kleinen Winkel. Aber das ist nicht schlimm, f\u00fcr den Transport kann ich sie oben oder unten an einer der beiden anderen Schrauben befestigen.<\/p>\n<p>Ich versuche mich an etwa 10 Panorama-Schwenks. Steht das Stativ fest und gerade gelingen die Bilder fast auf Anhieb, wirklich cool! Leider ist es schon fast dunkel. Daher muss die AW-100 etwas l\u00e4nger belichten, da ich gleichzeitig aber die Kamera drehen muss um ein Panorama zu erhalten, sind die Bilder sp\u00e4ter doch wegen einer leichten Bewegungsunsch\u00e4rfe sp\u00e4ter kaum zu gebrauchen. Wieder etwas gelernt!<\/p>\n<p><a href=\"http:\/\/anscharius.files.wordpress.com\/2011\/11\/dscn1417.jpg\"><img loading=\"lazy\" decoding=\"async\" class=\"alignnone size-full wp-image-5301\" title=\"DSCN1417\" src=\"http:\/\/anscharius.files.wordpress.com\/2011\/11\/dscn1417.jpg\" alt=\"\" width=\"590\" height=\"189\" \/><\/a><\/p>\n<p>Anschlie\u00dfend versuche ich mich an einem Panorama mit dem Panorama-Assistenten. Wirklich gut lassen sich die Bilder aber sp\u00e4ter am Notebook nicht zusammenf\u00fcgen. Dieser Assistent ist so eine Sache, f\u00fcr ein gutes Panorama braucht man einfach mehr Bilder und st\u00e4rkere \u00dcberlagerungen.<\/p>\n<p>An einem kleinen Teich fotografiere ich mal ein Panorama aus 8 Hochformataufnahmen. Sp\u00e4ter f\u00fcge ich sie mit Autopano-Pro zusammen und erhalte ein Bild, das rein theoretisch 36.000.000 Pixel hat &#8211; aber \u00a0nur in der Theorie! Schaut man sich das Panorama genauer an, so ist es zwar perfekt zusammen gerechnet, aber es sind einfach wirklich wenig Details zu erkennen. Der Algorithmus zur Rauschunterdr\u00fcckung hat hier alle vorhandenen Strukturen wirkungsvoll entfernt. Kameras mit diesen kleinen Chips sind nicht wirklich f\u00fcr das Fotografieren bei wenig Licht geeignet! Also verkleinere ich das Bild mal bis ich das Gef\u00fchl habe, dass es jetzt scharf und halbwegs detailreich ist.<\/p>\n<p>Aber schaut selbst &#8211; einfach anklicken&#8230;<\/p>\n<p><a href=\"http:\/\/anscharius.files.wordpress.com\/2011\/11\/kottenforst-panorama-8x.jpg\"><img loading=\"lazy\" decoding=\"async\" class=\"alignnone size-full wp-image-5304\" title=\"Stitched Panorama\" src=\"http:\/\/anscharius.files.wordpress.com\/2011\/11\/kottenforst-panorama-8x.jpg\" alt=\"\" width=\"590\" height=\"336\" \/><\/a><\/p>\n<p>Nach dem Panorama kommt mir die Idee als Wei\u00dfabgleich mal &#8222;Blitz&#8220; einzustellen. Es entstehen Bilder mit krassem Blaustich &#8211; aber das ist gewollt! Danach aktiviere ich den Selbstausl\u00f6ser &#8211; 10s. W\u00e4hrend sie piepst decke ich die obere H\u00e4lfte des immer noch vor das Objektiv montierten Polfilters mit einem Taschentuch ab und hauche den unteren Teil an. So kann ich den kleinen Teich in eine malerische Unsch\u00e4rfe tauchen. Es entstehen Bilder die fast unwirklich aussehen, man k\u00f6nnte meinen sie w\u00e4ren bei Vollmond entstanden. Ein Geisterwald nur ganz ohne Vampiere :-)<\/p>\n<p><a href=\"http:\/\/anscharius.files.wordpress.com\/2011\/11\/dscn1408.jpg\"><img loading=\"lazy\" decoding=\"async\" class=\"alignnone size-full wp-image-5300\" title=\"DSCN1408\" src=\"http:\/\/anscharius.files.wordpress.com\/2011\/11\/dscn1408.jpg\" alt=\"\" width=\"590\" height=\"785\" \/><\/a><\/p>\n<p>Der R\u00fcck weg zum Auto zieht sich hin wie Kaugummi. Als ich am Auto ankomme ist es finster und kalt. Sandra ist sauer weil ich mal wieder die Zeit vergessen habe und sie seit einer Stunde frierend im Auto sitzt. Nach einem hei\u00dfen Bad ist die Welt wieder in Ordnung und ich freue mich an meinem \u00fcberaus coolen blauen Geisterwald :-)<\/p>\n","protected":false},"excerpt":{"rendered":"<p>Es ist Sonntag die Sonne lacht und Sandra und ich wollen noch ein wenig an die frische Luft. Also geht es mit dem Auto nach Wachtberg. In der &#8222;Waldesruh&#8220; gibt es G\u00e4nsekeule mit Kn\u00f6deln und Rotkohl. Frisch gest\u00e4rkt machen wir uns an einen kleinen Spaziergang durch den vorwinterlichen Wald. In der Jackentasche habe ich die [&hellip;]<\/p>\n","protected":false},"author":2,"featured_media":0,"comment_status":"open","ping_status":"open","sticky":false,"template":"","format":"standard","meta":{"jetpack_post_was_ever_published":false,"_jetpack_newsletter_access":"","_jetpack_dont_email_post_to_subs":false,"_jetpack_newsletter_tier_id":0,"_jetpack_memberships_contains_paywalled_content":false,"_jetpack_memberships_contains_paid_content":false,"footnotes":"","jetpack_publicize_message":"","jetpack_publicize_feature_enabled":true,"jetpack_social_post_already_shared":false,"jetpack_social_options":{"image_generator_settings":{"template":"highway","default_image_id":0,"enabled":false},"version":2}},"categories":[6,13,12],"tags":[26],"class_list":["post-5293","post","type-post","status-publish","format-standard","hentry","category-fotografie","category-nikon","category-photography","tag-nikon-aw-100"],"jetpack_publicize_connections":[],"jetpack_featured_media_url":"","jetpack_shortlink":"https:\/\/wp.me\/p2px01-1nn","jetpack_sharing_enabled":true,"_links":{"self":[{"href":"https:\/\/www.nikonhumors.com\/index.php?rest_route=\/wp\/v2\/posts\/5293","targetHints":{"allow":["GET"]}}],"collection":[{"href":"https:\/\/www.nikonhumors.com\/index.php?rest_route=\/wp\/v2\/posts"}],"about":[{"href":"https:\/\/www.nikonhumors.com\/index.php?rest_route=\/wp\/v2\/types\/post"}],"author":[{"embeddable":true,"href":"https:\/\/www.nikonhumors.com\/index.php?rest_route=\/wp\/v2\/users\/2"}],"replies":[{"embeddable":true,"href":"https:\/\/www.nikonhumors.com\/index.php?rest_route=%2Fwp%2Fv2%2Fcomments&post=5293"}],"version-history":[{"count":0,"href":"https:\/\/www.nikonhumors.com\/index.php?rest_route=\/wp\/v2\/posts\/5293\/revisions"}],"wp:attachment":[{"href":"https:\/\/www.nikonhumors.com\/index.php?rest_route=%2Fwp%2Fv2%2Fmedia&parent=5293"}],"wp:term":[{"taxonomy":"category","embeddable":true,"href":"https:\/\/www.nikonhumors.com\/index.php?rest_route=%2Fwp%2Fv2%2Fcategories&post=5293"},{"taxonomy":"post_tag","embeddable":true,"href":"https:\/\/www.nikonhumors.com\/index.php?rest_route=%2Fwp%2Fv2%2Ftags&post=5293"}],"curies":[{"name":"wp","href":"https:\/\/api.w.org\/{rel}","templated":true}]}}