{"id":5219,"date":"2011-11-06T00:04:06","date_gmt":"2011-11-05T23:04:06","guid":{"rendered":"http:\/\/anscharius.wordpress.com\/?p=5219"},"modified":"2011-11-06T00:04:06","modified_gmt":"2011-11-05T23:04:06","slug":"mit-der-d700-in-die-eifel","status":"publish","type":"post","link":"https:\/\/www.nikonhumors.com\/?p=5219","title":{"rendered":"Mit der D700 in die Eifel"},"content":{"rendered":"<p>Es ist Samstag und wir k\u00f6nnen es kaum glauben wie drau\u00dfen die Sonne lacht. Also ab ins Cabrio und auf in Richtung S\u00fcden! Kurz hinter Bad Godesberg halten wir auf dem Seitenstreifen mal an. Zu sch\u00f6n ist der Bl\u00fcck hin\u00fcber zum Siebengebirge.<\/p>\n<p><a href=\"http:\/\/anscharius.files.wordpress.com\/2011\/11\/dsc_3216.jpg\"><img loading=\"lazy\" decoding=\"async\" class=\"alignnone size-full wp-image-5228\" title=\"DSC_3216\" src=\"http:\/\/anscharius.files.wordpress.com\/2011\/11\/dsc_3216.jpg\" alt=\"\" width=\"590\" height=\"392\" \/><\/a><\/p>\n<p><a href=\"http:\/\/anscharius.files.wordpress.com\/2011\/11\/dsc_2906.jpg\"><img loading=\"lazy\" decoding=\"async\" class=\"alignnone size-full wp-image-5221\" title=\"DSC_2906\" src=\"http:\/\/anscharius.files.wordpress.com\/2011\/11\/dsc_2906.jpg\" alt=\"\" width=\"590\" height=\"392\" \/><\/a><\/p>\n<p><a href=\"http:\/\/anscharius.files.wordpress.com\/2011\/11\/dsc_2908.jpg\"><img loading=\"lazy\" decoding=\"async\" class=\"alignnone size-full wp-image-5222\" title=\"DSC_2908\" src=\"http:\/\/anscharius.files.wordpress.com\/2011\/11\/dsc_2908.jpg\" alt=\"\" width=\"590\" height=\"392\" \/><\/a><\/p>\n<p><a href=\"http:\/\/anscharius.files.wordpress.com\/2011\/11\/dsc_2934.jpg\"><img loading=\"lazy\" decoding=\"async\" class=\"alignnone size-full wp-image-5223\" title=\"DSC_2934\" src=\"http:\/\/anscharius.files.wordpress.com\/2011\/11\/dsc_2934.jpg\" alt=\"\" width=\"590\" height=\"392\" \/><\/a><\/p>\n<p><a href=\"http:\/\/anscharius.files.wordpress.com\/2011\/11\/dsc_3007.jpg\"><img loading=\"lazy\" decoding=\"async\" class=\"alignnone size-full wp-image-5224\" title=\"DSC_3007\" src=\"http:\/\/anscharius.files.wordpress.com\/2011\/11\/dsc_3007.jpg\" alt=\"\" width=\"590\" height=\"392\" \/><\/a><\/p>\n<p><a href=\"http:\/\/anscharius.files.wordpress.com\/2011\/11\/dsc_3045.jpg\"><img loading=\"lazy\" decoding=\"async\" class=\"alignnone size-full wp-image-5225\" title=\"DSC_3045\" src=\"http:\/\/anscharius.files.wordpress.com\/2011\/11\/dsc_3045.jpg\" alt=\"\" width=\"590\" height=\"392\" \/><\/a><\/p>\n<p><a href=\"http:\/\/anscharius.files.wordpress.com\/2011\/11\/dsc_3146.jpg\"><img loading=\"lazy\" decoding=\"async\" class=\"alignnone size-full wp-image-5226\" title=\"DSC_3146\" src=\"http:\/\/anscharius.files.wordpress.com\/2011\/11\/dsc_3146.jpg\" alt=\"\" width=\"590\" height=\"375\" \/><\/a><\/p>\n<p><a href=\"http:\/\/anscharius.files.wordpress.com\/2011\/11\/dsc_3165.jpg\"><img loading=\"lazy\" decoding=\"async\" class=\"alignnone size-full wp-image-5227\" title=\"DSC_3165\" src=\"http:\/\/anscharius.files.wordpress.com\/2011\/11\/dsc_3165.jpg\" alt=\"\" width=\"590\" height=\"392\" \/><\/a><\/p>\n<p>Es geht weiter, hinter Bad Breisig biegen wir rechts ab und folgen den Gleisen des historischen &#8222;Vulkan Express&#8220;. In der N\u00e4he von Bad T\u00f6nnisstein halten wir an und lassen es uns in der Schenke unter einer der historischen Br\u00fccken gut gehen. Es gibt Wild-Ragout mit hausgemachten Sp\u00e4tzle &#8211; lecker! Dazu ein alkoholfreies Hefeweizen und zur Abrundung danach eine Tasse Kaffee &#8211; super!<\/p>\n<p><a href=\"http:\/\/anscharius.files.wordpress.com\/2011\/11\/dsc_3228.jpg\"><img loading=\"lazy\" decoding=\"async\" class=\"alignnone size-full wp-image-5229\" title=\"DSC_3228\" src=\"http:\/\/anscharius.files.wordpress.com\/2011\/11\/dsc_3228.jpg\" alt=\"\" width=\"590\" height=\"392\" \/><\/a><\/p>\n<p><a href=\"http:\/\/anscharius.files.wordpress.com\/2011\/11\/dsc_3422-dri.jpg\"><img loading=\"lazy\" decoding=\"async\" class=\"alignnone size-full wp-image-5230\" title=\"DSC_3422-DRI\" src=\"http:\/\/anscharius.files.wordpress.com\/2011\/11\/dsc_3422-dri.jpg\" alt=\"\" width=\"590\" height=\"392\" \/><\/a><\/p>\n<p>Schnell eine kleine Fotosession. Was ist denn das? Hinter dem Haus gibt es eine Reihe wirklich interessanter H\u00f6hlen! Schnell das Stativ auspacken, den Kabelausl\u00f6ser und los geht der Spa\u00df.<\/p>\n<p>Aus ein paar Minuten wird dann doch eine ganze Stunde. Sandra fotografiert mit dem langen Tele alle Bl\u00fcmchen die sie findet und freut sich an der sch\u00f6nen Hintergrundunsch\u00e4rfe des neuen AF-S VR 55-300mm Tele-Zooms.<\/p>\n<p>Die Sonne steht tief als es weitergeht. Wir fahren in Richtung Mayen. Auf dem R\u00fcckweg von Otzenhausen bin ich durch Mayen und dann nach Bell gefahren. Etwa auf halber Strecke hat man einen sch\u00f6nen Blick in ein bewaldetes Tal mit wirklich sch\u00f6nen herbstlich bunten Laubb\u00e4umen. Als wir dort ankommen geht die Sonne aber nicht dort unter wo ich es erhofft habe, sie ist dabei hinter einem kleinen ehemaligen Vulkan zu verschwinden. Als wir eine Schild finden &#8222;Frei bis Waldparkplatz&#8220; biegen wir ab und folgen der Stra\u00dfe. Sp\u00e4ter am Parkplatz habe ich ein &#8222;D\u00e9j\u00e0 Vue&#8220;. Vor vielleicht 8 oder 9 Jahren war ich hier schon einmal. Oben auf dem H\u00fcgel &#8211; sorry &#8211; Vulkan &#8211; ist ein kleiner sch\u00f6ner Aussichtsturm. Also schnappe ich mir meinen Rucksack. Drin sind die D7000, die D700, diverse Objektive, Batterien, Filter, Ladeger\u00e4te und drau\u00dfen h\u00e4ngt das neue kleine leichte Carbon-Stativ dran.<\/p>\n<p>Es geht bergauf, Sandra will lieber beim Auto bleiben. Gleich neben dem Parkplatz stehen auch ein paar Haflinger auf der Weide. Das ist f\u00fcr M\u00e4dchen eh interessanter als ein Turm von dem aus man eine gute Sicht \u00fcber die Eifel hat!<\/p>\n<p><a href=\"http:\/\/anscharius.files.wordpress.com\/2011\/11\/dsc_3439.jpg\"><img loading=\"lazy\" decoding=\"async\" class=\"alignnone size-full wp-image-5231\" title=\"DSC_3439\" src=\"http:\/\/anscharius.files.wordpress.com\/2011\/11\/dsc_3439.jpg\" alt=\"\" width=\"590\" height=\"885\" \/><\/a><\/p>\n<p>Als ich am Turm ankomme bin ich ziemlich fertig. Keuchend schleppe ich mich die Stufen hinauf, warum habe ich nur immer so viel Zeugs dabei?<\/p>\n<p><a href=\"http:\/\/anscharius.files.wordpress.com\/2011\/11\/dsc_3553.jpg\"><img loading=\"lazy\" decoding=\"async\" class=\"alignnone size-full wp-image-5232\" title=\"DSC_3553\" src=\"http:\/\/anscharius.files.wordpress.com\/2011\/11\/dsc_3553.jpg\" alt=\"\" width=\"590\" height=\"392\" \/><\/a><\/p>\n<p><a href=\"http:\/\/anscharius.files.wordpress.com\/2011\/11\/dsc_3575.jpg\"><img loading=\"lazy\" decoding=\"async\" class=\"alignnone size-full wp-image-5233\" title=\"DSC_3575\" src=\"http:\/\/anscharius.files.wordpress.com\/2011\/11\/dsc_3575.jpg\" alt=\"\" width=\"590\" height=\"392\" \/><\/a><\/p>\n<p><a href=\"http:\/\/anscharius.files.wordpress.com\/2011\/11\/dsc_3601.jpg\"><img loading=\"lazy\" decoding=\"async\" class=\"alignnone size-full wp-image-5234\" title=\"DSC_3601\" src=\"http:\/\/anscharius.files.wordpress.com\/2011\/11\/dsc_3601.jpg\" alt=\"\" width=\"590\" height=\"392\" \/><\/a><\/p>\n<p>Sp\u00e4ter auf dem Abstieg werde ich fast NICHTS davon benutzt haben! Lediglich die D700 mit dem neuen AF-S VR 16-35mm, samt Stativ und Kabelausl\u00f6ser. Schon fertig&#8230; Irgendwie ist einmal mehr klar, das Rucks\u00e4cke manchmal v\u00f6llig unpraktisch sind. Da habe ich extra die D7000 eingepackt damit ich ein paar Videos aufnehmen kann und am Ende des Tages habe ich sie nur einmal ganz kurz am Rhein heraus geholt. Ich sollte f\u00fcr die Filmerei nur noch die P7100 mitnehmen&#8230;<\/p>\n<p>Sp\u00e4ter daheim ist die &#8222;Beute&#8220; nicht so wirklich toll. Das Licht war schlechter als erwartet und der Sonnenuntergang ein Flop. Auch ist auf der westlichen Seite des Turms alles so sehr zugewachsen, dass man den Sonnenuntergang gar nicht richtig sehen kann. Die Sicht nach Osten ist allerdings wirklich gut. F\u00fcr einen Sonnenaufgang w\u00e4re das der perfekte Platz. Na mal sehen, vielleicht schaffe ich es ja mal morgens ganz fr\u00fch aufzustehen und mich kurz vor Sonnenaufgang im Schnee hoch zu diesem Turm zu schleppen&#8230;<\/p>\n","protected":false},"excerpt":{"rendered":"<p>Es ist Samstag und wir k\u00f6nnen es kaum glauben wie drau\u00dfen die Sonne lacht. Also ab ins Cabrio und auf in Richtung S\u00fcden! Kurz hinter Bad Godesberg halten wir auf dem Seitenstreifen mal an. Zu sch\u00f6n ist der Bl\u00fcck hin\u00fcber zum Siebengebirge. Es geht weiter, hinter Bad Breisig biegen wir rechts ab und folgen den [&hellip;]<\/p>\n","protected":false},"author":2,"featured_media":0,"comment_status":"open","ping_status":"open","sticky":false,"template":"","format":"standard","meta":{"jetpack_post_was_ever_published":false,"_jetpack_newsletter_access":"","_jetpack_dont_email_post_to_subs":false,"_jetpack_newsletter_tier_id":0,"_jetpack_memberships_contains_paywalled_content":false,"_jetpack_memberships_contains_paid_content":false,"footnotes":"","jetpack_publicize_message":"","jetpack_publicize_feature_enabled":true,"jetpack_social_post_already_shared":false,"jetpack_social_options":{"image_generator_settings":{"template":"highway","default_image_id":0,"enabled":false},"version":2}},"categories":[6,13,12],"tags":[196],"class_list":["post-5219","post","type-post","status-publish","format-standard","hentry","category-fotografie","category-nikon","category-photography","tag-d700"],"jetpack_publicize_connections":[],"jetpack_featured_media_url":"","jetpack_shortlink":"https:\/\/wp.me\/p2px01-1mb","jetpack_sharing_enabled":true,"_links":{"self":[{"href":"https:\/\/www.nikonhumors.com\/index.php?rest_route=\/wp\/v2\/posts\/5219","targetHints":{"allow":["GET"]}}],"collection":[{"href":"https:\/\/www.nikonhumors.com\/index.php?rest_route=\/wp\/v2\/posts"}],"about":[{"href":"https:\/\/www.nikonhumors.com\/index.php?rest_route=\/wp\/v2\/types\/post"}],"author":[{"embeddable":true,"href":"https:\/\/www.nikonhumors.com\/index.php?rest_route=\/wp\/v2\/users\/2"}],"replies":[{"embeddable":true,"href":"https:\/\/www.nikonhumors.com\/index.php?rest_route=%2Fwp%2Fv2%2Fcomments&post=5219"}],"version-history":[{"count":0,"href":"https:\/\/www.nikonhumors.com\/index.php?rest_route=\/wp\/v2\/posts\/5219\/revisions"}],"wp:attachment":[{"href":"https:\/\/www.nikonhumors.com\/index.php?rest_route=%2Fwp%2Fv2%2Fmedia&parent=5219"}],"wp:term":[{"taxonomy":"category","embeddable":true,"href":"https:\/\/www.nikonhumors.com\/index.php?rest_route=%2Fwp%2Fv2%2Fcategories&post=5219"},{"taxonomy":"post_tag","embeddable":true,"href":"https:\/\/www.nikonhumors.com\/index.php?rest_route=%2Fwp%2Fv2%2Ftags&post=5219"}],"curies":[{"name":"wp","href":"https:\/\/api.w.org\/{rel}","templated":true}]}}