{"id":5188,"date":"2011-11-04T00:02:02","date_gmt":"2011-11-03T23:02:02","guid":{"rendered":"http:\/\/anscharius.wordpress.com\/?p=5188"},"modified":"2011-11-04T00:02:02","modified_gmt":"2011-11-03T23:02:02","slug":"mit-der-nikon-d300-durch-norwegen","status":"publish","type":"post","link":"https:\/\/www.nikonhumors.com\/?p=5188","title":{"rendered":"Mit der Nikon D300 durch Norwegen"},"content":{"rendered":"<p>Inzwischen ist es schon eine Weile her, aber gerade sind mir einige Bilder der 2009er Reise durch S\u00fcd-Norwegen in die H\u00e4nde gefallen die ich Euch gern am St\u00fcck zeigen w\u00fcrde. Die meisten dieser Bilder sind mit einer Nikon D300 und dem Tokina AT-X PRO 4\/12-24 oder dem Nikon AF-S 2.8\/17-55mm gemacht. \u00dcber einen wirklich langen Zeitraum waren das an der Nikon D300 meine meistbenutzten Objektive. Alle Bilder sind 1000 Pixel breit oder hoch. Also einfach anklicken um sie etwas gr\u00f6\u00dfer zu sehen.<\/p>\n<p>Starten wir mit einer kleinen Abendstimmung die w\u00e4hrend der Anreise bei einem kleinen Zwischenstopp in Schweden entstanden ist. Wirklich gut gef\u00e4llt mir hier der Abendhimmel und wie sich die Kinder als Silhouetten im Wasser abheben.<\/p>\n<p><a href=\"http:\/\/anscharius.files.wordpress.com\/2011\/11\/17826931.jpg\"><img loading=\"lazy\" decoding=\"async\" class=\"alignnone size-full wp-image-5189\" title=\"17826931\" src=\"http:\/\/anscharius.files.wordpress.com\/2011\/11\/17826931.jpg\" alt=\"\" width=\"590\" height=\"377\" \/><\/a><\/p>\n<p>Kurz hinter Oslo finden wir dann die ersten Fjorde. Begleitet von st\u00e4ndigem Nieselregen fahren wir mit unserem Wohnmobil immer weiter in Richtung Westen. Die Landschaft ist trotz oder vielleicht gerade wegen des Regens gro\u00dfartig.<\/p>\n<p><a href=\"http:\/\/anscharius.files.wordpress.com\/2011\/11\/17828403.jpg\"><img loading=\"lazy\" decoding=\"async\" class=\"alignnone size-full wp-image-5212\" title=\"17828403\" src=\"http:\/\/anscharius.files.wordpress.com\/2011\/11\/17828403.jpg\" alt=\"\" width=\"590\" height=\"401\" \/><\/a><\/p>\n<p>Ist man m\u00fcde und neigt sich der Tag dem Ende zu sucht man sich einen sch\u00f6nen See und parkt einfach dort wo es am sch\u00f6nsten ist. In Norwegen gilt das &#8222;Jedermanns-Recht&#8220;. Solange man keinen M\u00fcll zur\u00fcck l\u00e4sst darf man \u00fcberall eine Nacht lang bleiben. Gro\u00dfartig!<\/p>\n<p><a href=\"http:\/\/anscharius.files.wordpress.com\/2011\/11\/17848038.jpg\"><img loading=\"lazy\" decoding=\"async\" class=\"alignnone size-full wp-image-5213\" title=\"17848038\" src=\"http:\/\/anscharius.files.wordpress.com\/2011\/11\/17848038.jpg\" alt=\"\" width=\"590\" height=\"401\" \/><\/a><\/p>\n<p>Hier ein Blick in einen Fjord den ich von einem Parkplatz direkt am Wasser aus fotografiert habe. Mein Sohn und ich waren etwas l\u00e4nger als zwei Wochen mit einem wirklich coolen Wohnmobil unterwegs. Leider war das Ding so riesig, dass man fast nie dort anhalten konnte wo es wirklich toll aussah. Ein echter Nachteil dieser &#8222;W\u00fcstenschiffe&#8220;. Hier mag ich die f\u00fcr diese Reise typische leicht verregnete Stimmung und die Abstufung der Felsw\u00e4nde an beiden Seiten des Fjordes. Ich denke, dieses Bild ist irgendwo am Hardanger-Fjord entstanden.<\/p>\n<p><a href=\"http:\/\/anscharius.files.wordpress.com\/2011\/11\/17828443.jpg\"><img loading=\"lazy\" decoding=\"async\" class=\"alignnone size-full wp-image-5190\" title=\"17828443\" src=\"http:\/\/anscharius.files.wordpress.com\/2011\/11\/17828443.jpg\" alt=\"\" width=\"590\" height=\"401\" \/><\/a><\/p>\n<p>Auch hier erinnere ich mich mehr genau wann und wo es war, aber hier flossen zwei Fjorde ineinander und der Himmel sah einfach nur bedrohlich aus. Die besten Bilder macht man wirklich bei schlechtem Wetter!<\/p>\n<p><a href=\"http:\/\/anscharius.files.wordpress.com\/2011\/11\/17847954.jpg\"><img loading=\"lazy\" decoding=\"async\" class=\"alignnone size-full wp-image-5191\" title=\"17847954\" src=\"http:\/\/anscharius.files.wordpress.com\/2011\/11\/17847954.jpg\" alt=\"\" width=\"590\" height=\"401\" \/><\/a><\/p>\n<p>An dieses Bild kann ich mich auch noch gut erinnern. Es ist in der N\u00e4he von Grimstad entstanden. Wir hatten unser Wohnmobil auf einem wirklich abgelegenen Camping-Platz am \u00e4u\u00dfersten Zipfel einer Halbinsel geparkt und sind zum Sonnenuntergang ein wenig auf den Felsen am Meer herum geklettert. Mein Sohn hatte meine D60 samt 18-200er Superzoom dabei, ich die D300 mit 2.8\/17-55 und 4\/12-24. Ich habe ihm noch zugerufen, dass er vorsichtig sein soll, denn die Felsbrocken waren glitschig. Kurz drauf lag ich dann selbst auf der Nase und die Gegenlichtblende meines Nikon AF-S 2.8\/17-55 war nur noch ein St\u00fcckchen Plastikschrott. Aber dieses Foto war es wert!!<\/p>\n<p><a href=\"http:\/\/anscharius.files.wordpress.com\/2011\/11\/18145463.jpg\"><img loading=\"lazy\" decoding=\"async\" class=\"alignnone size-full wp-image-5192\" title=\"18145463\" src=\"http:\/\/anscharius.files.wordpress.com\/2011\/11\/18145463.jpg\" alt=\"\" width=\"590\" height=\"401\" \/><\/a><\/p>\n<p>An diesem Bild mag ich den fast unwirklichen Charakter sehr gern. Der kleine Bootsschuppen sieht fast aus als w\u00e4re er mit einem 3D-Programm &#8222;hinein gerendert&#8220;.<\/p>\n<p><a href=\"http:\/\/anscharius.files.wordpress.com\/2011\/11\/17828525.jpg\"><img loading=\"lazy\" decoding=\"async\" class=\"alignnone size-full wp-image-5193\" title=\"17828525\" src=\"http:\/\/anscharius.files.wordpress.com\/2011\/11\/17828525.jpg\" alt=\"\" width=\"590\" height=\"401\" \/><\/a><\/p>\n<p>Sehr gut erinnere ich mich auch noch an die Nacht an einem der gro\u00dfen Wasserf\u00e4lle. Ich glaube es war der &#8222;Langfoss&#8220;. W\u00e4hrend mein Sohn im Wohnmobil auf dem Parkplatz schlief bin ich mit einer Taschenlampe, der D300, meinem Stativ, einem Kabelausl\u00f6ser und einem Lappen an diesem Wasserfall herum geklettert. Mit dem Lappen musste ich alle par Minuten die Liste meines AF-S 2.8\/17-55mm Objektives trocken wischen. Dieser Wasserfall ist so gro\u00df, das im Umkreis von 100 Metern die ganze Luft mit feinen Nieselregen erf\u00fcllt ist. Dieses Bild ist etwa 30 Sekunden lang belichtet. Dadurch sieht es fast aus als w\u00e4re es ein verregneter Tag. Aber es war tats\u00e4chlich lange nach Einbruch der Nacht!<\/p>\n<p><a href=\"http:\/\/anscharius.files.wordpress.com\/2011\/11\/17847212.jpg\"><img loading=\"lazy\" decoding=\"async\" class=\"alignnone size-full wp-image-5196\" style=\"border-color:initial;border-style:initial;border-width:0;\" title=\"17847212\" src=\"http:\/\/anscharius.files.wordpress.com\/2011\/11\/17847212.jpg\" alt=\"\" width=\"590\" height=\"401\" \/><\/a><\/p>\n<p>Hier habe ich ein Foto von der gegen\u00fcberliegenden Seite des Fjordes. Rechts neben dem einsamen Holzhaus ergie\u00dft sich ein kleiner Flu\u00df in den Fjord.<\/p>\n<p><a href=\"http:\/\/anscharius.files.wordpress.com\/2011\/11\/20131006.jpg\"><img loading=\"lazy\" decoding=\"async\" class=\"alignnone size-full wp-image-5202\" title=\"20131006\" src=\"http:\/\/anscharius.files.wordpress.com\/2011\/11\/20131006.jpg\" alt=\"\" width=\"590\" height=\"401\" \/><\/a><\/p>\n<p>Sehr typisch sind die vielen kleinen D\u00f6rfer inmitten versteckter T\u00e4ler, oftmals direkt an einem Fluss gelegen, der von den Bergen herab immer wieder durch kleine Wasserf\u00e4lle gespeist wird. Ein ganz zauberhaftes Land!<\/p>\n<p><a href=\"http:\/\/anscharius.files.wordpress.com\/2011\/11\/17848274.jpg\"><img loading=\"lazy\" decoding=\"async\" class=\"alignnone size-full wp-image-5197\" title=\"17848274\" src=\"http:\/\/anscharius.files.wordpress.com\/2011\/11\/17848274.jpg\" alt=\"\" width=\"590\" height=\"407\" \/><\/a><\/p>\n<p>Richtig doll angetan hat es mit die &#8222;Hardangervidda&#8220; &#8211; Europas gr\u00f6\u00dfte Hochebene und der Quell der Energie f\u00fcr viele Norwegische Wasserkraftwerke. Das Wetter war st\u00fcrmisch, es war selbst im Hochsommer kalt und feucht. Am Horizont konnten wir Schnee und kleine Gletscherzungen erkennen. Ein einziger Traum!<\/p>\n<p><a href=\"http:\/\/anscharius.files.wordpress.com\/2011\/11\/17871927.jpg\"><img loading=\"lazy\" decoding=\"async\" class=\"alignnone size-full wp-image-5198\" title=\"17871927\" src=\"http:\/\/anscharius.files.wordpress.com\/2011\/11\/17871927.jpg\" alt=\"\" width=\"590\" height=\"401\" \/><\/a><\/p>\n<p><a href=\"http:\/\/anscharius.files.wordpress.com\/2011\/11\/17871846.jpg\"><img loading=\"lazy\" decoding=\"async\" class=\"alignnone size-full wp-image-5199\" title=\"17871846\" src=\"http:\/\/anscharius.files.wordpress.com\/2011\/11\/17871846.jpg\" alt=\"\" width=\"590\" height=\"401\" \/><\/a><\/p>\n<p><a href=\"http:\/\/anscharius.files.wordpress.com\/2011\/11\/17871888.jpg\"><img loading=\"lazy\" decoding=\"async\" class=\"alignnone size-full wp-image-5200\" title=\"17871888\" src=\"http:\/\/anscharius.files.wordpress.com\/2011\/11\/17871888.jpg\" alt=\"\" width=\"590\" height=\"401\" \/><\/a><\/p>\n<p><a href=\"http:\/\/anscharius.files.wordpress.com\/2011\/11\/17872007.jpg\"><img loading=\"lazy\" decoding=\"async\" class=\"alignnone size-full wp-image-5201\" title=\"17872007\" src=\"http:\/\/anscharius.files.wordpress.com\/2011\/11\/17872007.jpg\" alt=\"\" width=\"590\" height=\"401\" \/><\/a><\/p>\n<p><a href=\"http:\/\/anscharius.files.wordpress.com\/2011\/11\/20130953.jpg\"><img loading=\"lazy\" decoding=\"async\" class=\"alignnone size-full wp-image-5203\" title=\"20130953\" src=\"http:\/\/anscharius.files.wordpress.com\/2011\/11\/20130953.jpg\" alt=\"\" width=\"590\" height=\"401\" \/><\/a><\/p>\n<p>Meine Mamiya 645 hatte ich auch im Gep\u00e4ck, ebenso wie eine Reihe passender Objektive vom Superweitwinkel bis zum 300er Tele. Beim ersten Film war dann aber die kleine Spezial-Batterie leer und so blieb diese gesamte Mittelformat-Ausr\u00fcstung w\u00e4hrend der gesamten Reise ungenutzt. Was f\u00fcr ein \u00c4rger! Aber ich hatte noch meine gute alte Rolleiflex 3.5F dabei!! Und etliche Rollen Fuji Velvia 50. Alle zu belichten habe ich letztlich nicht geschafft. Wir waren einfach zu viele Stunden unterwegs und mit dem gro\u00dfen Wohnmobil konnten man fast nirgendwo wirklich sicher parken. Ein echtes Manko, hier w\u00e4re ein kleiner PKW besser geeignet gewesen. Aber unsere Freiheit bei der Reiseplanung h\u00e4tte dies im Gegenzug stark eingeschr\u00e4nkt. So waren wir &#8222;vogelfrei&#8220; und konnten tun und lassen was wir wollten. Auch nicht schlecht!<\/p>\n<p>Hier einige der Fotos die mit der sch\u00f6nen alten Rolleiflex auf Fuji Velvia 50 entstanden sind. Man beachte auf dem folgenden Bild die winzig klein wirkende Autof\u00e4hre!!<\/p>\n<p><a href=\"http:\/\/anscharius.files.wordpress.com\/2011\/11\/18186591.jpg\"><img loading=\"lazy\" decoding=\"async\" class=\"alignnone size-full wp-image-5204\" title=\"18186591\" src=\"http:\/\/anscharius.files.wordpress.com\/2011\/11\/18186591.jpg\" alt=\"\" width=\"590\" height=\"585\" \/><\/a><\/p>\n<p>Entlang des Harangier Fjordes kann man eigentlich alle paar Kilometer anhalten und wird immer wieder sch\u00f6ne Motive finden. \u00dcberall sind Obstplantagen links und rechts der Stra\u00dfe. Es gibt  &#8222;unbemannte&#8220; St\u00e4nde mit toller Obstauslage. Man nimmt sich einen Beutel mit knackigen frischen Kirschen und steckt ein paar Kronen in eine kleine Blechdose. Wirklich gro\u00dfartig wie diese Menschen mit dem Verkauf ihrer Obsternte umgehen.<\/p>\n<p><a href=\"http:\/\/anscharius.files.wordpress.com\/2011\/11\/18186811.jpg\"><img loading=\"lazy\" decoding=\"async\" class=\"alignnone size-full wp-image-5205\" title=\"18186811\" src=\"http:\/\/anscharius.files.wordpress.com\/2011\/11\/18186811.jpg\" alt=\"\" width=\"590\" height=\"610\" \/><\/a><\/p>\n<p>Gro\u00dfartig auch, dass man fast \u00fcberall direkt ans Wasser heran kann. Fast nichts ist abgesperrt. In Bayern am Starnberger See oder am Ammer See sind dagegen weite Teile des Ufers in privater Hand und nicht zug\u00e4nglich. Das ist in Norwegen g\u00e4nzlich anders!<\/p>\n<p><a href=\"http:\/\/anscharius.files.wordpress.com\/2011\/11\/18188672.jpg\"><img loading=\"lazy\" decoding=\"async\" class=\"alignnone size-full wp-image-5206\" title=\"18188672\" src=\"http:\/\/anscharius.files.wordpress.com\/2011\/11\/18188672.jpg\" alt=\"\" width=\"590\" height=\"609\" \/><\/a><\/p>\n<p><a href=\"http:\/\/anscharius.files.wordpress.com\/2011\/11\/18189190.jpg\"><img loading=\"lazy\" decoding=\"async\" class=\"alignnone size-full wp-image-5207\" title=\"18189190\" src=\"http:\/\/anscharius.files.wordpress.com\/2011\/11\/18189190.jpg\" alt=\"\" width=\"590\" height=\"585\" \/><\/a><\/p>\n<p>Auf dem R\u00fcckweg haben wir in der N\u00e4he von Hannover den Vogelpark Walsrode besucht. Hier kam dann auch das famose Nikon AF-S VR 2.8\/70-200mm samt 1.7x Teleconverter mal zum Einsatz!<\/p>\n<p><a href=\"http:\/\/anscharius.files.wordpress.com\/2011\/11\/17921807.jpg\"><img loading=\"lazy\" decoding=\"async\" class=\"alignnone size-full wp-image-5208\" title=\"17921807\" src=\"http:\/\/anscharius.files.wordpress.com\/2011\/11\/17921807.jpg\" alt=\"\" width=\"590\" height=\"401\" \/><\/a><\/p>\n<p><a href=\"http:\/\/anscharius.files.wordpress.com\/2011\/11\/18386129.jpg\"><img loading=\"lazy\" decoding=\"async\" class=\"alignnone size-full wp-image-5209\" title=\"18386129\" src=\"http:\/\/anscharius.files.wordpress.com\/2011\/11\/18386129.jpg\" alt=\"\" width=\"590\" height=\"424\" \/><\/a><\/p>\n<p><a href=\"http:\/\/anscharius.files.wordpress.com\/2011\/11\/18386934.jpg\"><img loading=\"lazy\" decoding=\"async\" class=\"alignnone size-full wp-image-5210\" title=\"18386934\" src=\"http:\/\/anscharius.files.wordpress.com\/2011\/11\/18386934.jpg\" alt=\"\" width=\"590\" height=\"424\" \/><\/a><\/p>\n<p><a href=\"http:\/\/anscharius.files.wordpress.com\/2011\/11\/18386721.jpg\"><img loading=\"lazy\" decoding=\"async\" class=\"alignnone size-full wp-image-5211\" title=\"18386721\" src=\"http:\/\/anscharius.files.wordpress.com\/2011\/11\/18386721.jpg\" alt=\"\" width=\"590\" height=\"382\" \/><\/a><\/p>\n<p>Als wir nach gut zwei Wochen zur\u00fcck in Bonn sind haben wir fast 2.000 Kilometer hinter uns gebracht und beim Verleiher wird eine krasse Nachzahlung f\u00e4llig. Zwar waren wir 15 Tage unterwegs und ab 15-Tagen gibt es keine Kilometerbegrenzung. Aber er kommt mir mit dem Argument, dass wir nur 14 Tage bezahlt h\u00e4tten und der erste Tag &#8222;auf ihn&#8220; gegangen sei. So muss ich fast 600 Euro nachzahlen. Auf dem Heimweg bin ich stinksauer und immer wenn er mir heute noch Werbematerial zuschickt w\u00fcrde ich ihn am liebsten in der Luft zerrei\u00dfen. Was f\u00fcr ein bl\u00f6der Arsch&#8230;<\/p>\n<p>Aber die Reise war trotzdem gro\u00dfartig und ich w\u00fcrde es jederzeit wieder machen. Aber dann mit einer zuvor vertraglich festgelegten unbegrenzten Kilometerpauschale!<\/p>\n<p>Auch w\u00fcrde ich beim n\u00e4chsten Mal versuchen nach Stavanger oder Bergen zu fliegen und von dort aus mit einem Wohnmobil in Richtung Nordkap zu fahren. Hier ist die Herausforderung einen Vermieter zu finden der einem nicht auch das Fell \u00fcber die Ohren zieht und im Gegenzug ein vollst\u00e4ndig eingerichtetes Wohnmobil zur Verf\u00fcgung stellt. In unserem Wohnmobil gab es nicht einmal einen Salzstreuer! Wir mussten alles, wirklich alles mitbringen! Am Tag vor der R\u00fcckgabe habe ich stundenlang das Wohnmobil geschrubbt um mir dann sp\u00e4ter anh\u00f6ren zu m\u00fcssen, dass es nicht sauber genug sei und dass die &#8222;Endreinigung&#8220; nochmals mit 100 Euro veranschlagt wird.<\/p>\n<p>Caravan Center L\u00fctz bei St. Augustin &#8211; einmal und nie wieder!<\/p>\n","protected":false},"excerpt":{"rendered":"<p>Inzwischen ist es schon eine Weile her, aber gerade sind mir einige Bilder der 2009er Reise durch S\u00fcd-Norwegen in die H\u00e4nde gefallen die ich Euch gern am St\u00fcck zeigen w\u00fcrde. Die meisten dieser Bilder sind mit einer Nikon D300 und dem Tokina AT-X PRO 4\/12-24 oder dem Nikon AF-S 2.8\/17-55mm gemacht. \u00dcber einen wirklich langen [&hellip;]<\/p>\n","protected":false},"author":2,"featured_media":0,"comment_status":"open","ping_status":"open","sticky":false,"template":"","format":"standard","meta":{"jetpack_post_was_ever_published":false,"_jetpack_newsletter_access":"","_jetpack_dont_email_post_to_subs":false,"_jetpack_newsletter_tier_id":0,"_jetpack_memberships_contains_paywalled_content":false,"_jetpack_memberships_contains_paid_content":false,"footnotes":"","jetpack_publicize_message":"","jetpack_publicize_feature_enabled":true,"jetpack_social_post_already_shared":false,"jetpack_social_options":{"image_generator_settings":{"template":"highway","default_image_id":0,"enabled":false},"version":2}},"categories":[6,13,12],"tags":[55,92],"class_list":["post-5188","post","type-post","status-publish","format-standard","hentry","category-fotografie","category-nikon","category-photography","tag-nikon-d300","tag-norwegen"],"jetpack_publicize_connections":[],"jetpack_featured_media_url":"","jetpack_shortlink":"https:\/\/wp.me\/p2px01-1lG","jetpack_sharing_enabled":true,"_links":{"self":[{"href":"https:\/\/www.nikonhumors.com\/index.php?rest_route=\/wp\/v2\/posts\/5188","targetHints":{"allow":["GET"]}}],"collection":[{"href":"https:\/\/www.nikonhumors.com\/index.php?rest_route=\/wp\/v2\/posts"}],"about":[{"href":"https:\/\/www.nikonhumors.com\/index.php?rest_route=\/wp\/v2\/types\/post"}],"author":[{"embeddable":true,"href":"https:\/\/www.nikonhumors.com\/index.php?rest_route=\/wp\/v2\/users\/2"}],"replies":[{"embeddable":true,"href":"https:\/\/www.nikonhumors.com\/index.php?rest_route=%2Fwp%2Fv2%2Fcomments&post=5188"}],"version-history":[{"count":0,"href":"https:\/\/www.nikonhumors.com\/index.php?rest_route=\/wp\/v2\/posts\/5188\/revisions"}],"wp:attachment":[{"href":"https:\/\/www.nikonhumors.com\/index.php?rest_route=%2Fwp%2Fv2%2Fmedia&parent=5188"}],"wp:term":[{"taxonomy":"category","embeddable":true,"href":"https:\/\/www.nikonhumors.com\/index.php?rest_route=%2Fwp%2Fv2%2Fcategories&post=5188"},{"taxonomy":"post_tag","embeddable":true,"href":"https:\/\/www.nikonhumors.com\/index.php?rest_route=%2Fwp%2Fv2%2Ftags&post=5188"}],"curies":[{"name":"wp","href":"https:\/\/api.w.org\/{rel}","templated":true}]}}