{"id":5162,"date":"2011-10-31T12:49:39","date_gmt":"2011-10-31T11:49:39","guid":{"rendered":"http:\/\/anscharius.wordpress.com\/?p=5162"},"modified":"2011-10-31T12:49:39","modified_gmt":"2011-10-31T11:49:39","slug":"nikon-d700-16-35mm","status":"publish","type":"post","link":"https:\/\/www.nikonhumors.com\/?p=5162","title":{"rendered":"Nikon D700 mit AF-S VR 4\/16-35mm"},"content":{"rendered":"<p>W\u00e4hrend ich mir die Z\u00e4hne putze klingelt es an der T\u00fcr. Es ist Montagmorgen und eigentlich erwarte ich kein Paket. Kurz darauf nehme ich mit etwas \u00fcberraschtem Blick einen kleinen Pappkarton entgegen. Darin finde ich das neue Nikon AF-S VR 4\/16-35mm Weitwinkel-Zoom. Dieses sch\u00f6ne Teil hatte ich am Freitag in der letzten Woche geordert, damit ich es Euch hier vorstellen kann. Dass es so schnell geliefert werden w\u00fcrde h\u00e4tte ich nicht gedacht! Auch der Preis ist ganz ok, er liegt deutlich unter 1.000 Euro.<\/p>\n<p>Also auspacken! Was zum Vorschein kommt ist ein sehr hochwertig gebautes Zoom-Objektiv ohne Blendenring &#8211; also ein G-Typ. Ein Objektiv das an der Nikon F4 nicht mehr so wirklich gut zu benutzen ist, aber ich habe auch schon eine Weile keinen Film mehr belichtet. Ok ok, das ist traurig, ich wei\u00df es ja auch. Aber erst am Samstag hat mir mein Bonner Fotoh\u00e4ndler best\u00e4tigt, dass die Menge der zu entwickelnden Film seit Jahren auf ein Drittel des Vorjahres schrumpft. Sein Labor <a href=\"http:\/\/www.eurocolor.de\">www.eurocolor.de<\/a> ist von einst 17 Standorten auf nunmehr 2 Standorte zusammen geschrumpft. Es ist also eine Frage der Zeit bis es in Deutschland ein Luxus sein wird NICHT digital zu fotografieren. Ganz aussterben wird es wohl nicht, aber es wird noch teuer und noch zeitraubender werden!<\/p>\n<p>Aber darum geht es hier und heute gar nicht! Das neue Objektiv macht an der D700 eine gute Figur. Trotz der der Gr\u00f6\u00dfe ist es nicht \u00fcberm\u00e4\u00dfig schwer und es hat vor allem ein 77er Filtergewinde! Im Gegensatz zum deutlich teureren Nikon AF-S 2.8\/14-24mm Objektiv kann man also Grauferlaufsfilter und Polfilter verwenden., super!! Die Lichtleistung ist im eine Blendenstufe geringer, man muss also doppelt so lange belichten wie mit dem 14-24mm, aber dies wird durch den eingebauten VR mehr als gut kompensiert. Bei meinen ersten freih\u00e4ndigen Testbildern waren bei 16mm und 1\/20s noch scharfe Bilder m\u00f6glich!<\/p>\n<p>Wie sich das Objektiv in der Praxis und auf den n\u00e4chsten Reisen schlagen wird, das wird sich zeigen. Aber wenn man Ken Rockwell glauben darf, ist dieses Objektiv das beste Ding seit der Erfindung des Eicherbechers!<\/p>\n<p>So sieht es in Verbindung mit der D700 aus. Das Foto habe ich eben mit der D7000 und dem AF-S VR 16-85mm bei Blende 11 gemacht. Auf der rechten Seite der D700 habe ich ein Stativ aufgestellt und ein Nikon SB-800 mit wei\u00dfem Reflektionsschirm daran befestigt.<\/p>\n<p><a href=\"http:\/\/anscharius.files.wordpress.com\/2011\/10\/d70_8342.jpg\"><img loading=\"lazy\" decoding=\"async\" class=\"alignnone size-full wp-image-5164\" title=\"D70_8342\" src=\"http:\/\/anscharius.files.wordpress.com\/2011\/10\/d70_8342.jpg\" alt=\"\" width=\"590\" height=\"390\" \/><\/a><\/p>\n<p>Hier die D700 mit dem neuen Objektiv. Einfach Anklicken, dann sieht man das JPG aus der D7000 in Originalgr\u00f6\u00dfe.<\/p>\n<p><a href=\"http:\/\/anscharius.files.wordpress.com\/2011\/10\/d70_8339.jpg\"><img loading=\"lazy\" decoding=\"async\" class=\"alignnone size-full wp-image-5165\" title=\"Nikon D700 mit AF-S VR 4\/16-35mm\" src=\"http:\/\/anscharius.files.wordpress.com\/2011\/10\/d70_8339.jpg\" alt=\"\" width=\"590\" height=\"390\" \/><\/a><\/p>\n<p>Hier nun zwei erste Testbilder mit dem neuen Objektiv. Es sind unbearbeitete JPG-Dateien in Originalgr\u00f6\u00dfe &#8211; einfach anklicken&#8230;<\/p>\n<p>1) 16 mm Brennweite, Blende 8, 1\/125s, ISO-200<\/p>\n<p><a href=\"http:\/\/anscharius.files.wordpress.com\/2011\/10\/dsc_2548.jpg\"><img loading=\"lazy\" decoding=\"async\" class=\"alignnone size-full wp-image-5166\" title=\"DSC_2548\" src=\"http:\/\/anscharius.files.wordpress.com\/2011\/10\/dsc_2548.jpg\" alt=\"\" width=\"590\" height=\"392\" \/><\/a><\/p>\n<p>2) 35 mm Brennweite, Blende 8, 1\/125s, ISO-200<\/p>\n<p><a href=\"http:\/\/anscharius.files.wordpress.com\/2011\/10\/dsc_2552.jpg\"><img loading=\"lazy\" decoding=\"async\" class=\"alignnone size-full wp-image-5167\" title=\"DSC_2552\" src=\"http:\/\/anscharius.files.wordpress.com\/2011\/10\/dsc_2552.jpg\" alt=\"\" width=\"590\" height=\"392\" \/><\/a><\/p>\n<p>3) Hier ein etwas kleineres JPG vom letzten Samstag mit dem AF-S 24-85mm bei 48mm Brennweite und Polfilter.<\/p>\n<p><a href=\"http:\/\/anscharius.files.wordpress.com\/2011\/10\/dsc_2542.jpg\"><img loading=\"lazy\" decoding=\"async\" class=\"alignnone size-full wp-image-5168\" title=\"DSC_2542\" src=\"http:\/\/anscharius.files.wordpress.com\/2011\/10\/dsc_2542.jpg\" alt=\"\" width=\"590\" height=\"392\" \/><\/a><\/p>\n<p>Weitere Bilder gibt es hier in den n\u00e4chsten Wochen zu sehen.<\/p>\n","protected":false},"excerpt":{"rendered":"<p>W\u00e4hrend ich mir die Z\u00e4hne putze klingelt es an der T\u00fcr. Es ist Montagmorgen und eigentlich erwarte ich kein Paket. Kurz darauf nehme ich mit etwas \u00fcberraschtem Blick einen kleinen Pappkarton entgegen. Darin finde ich das neue Nikon AF-S VR 4\/16-35mm Weitwinkel-Zoom. Dieses sch\u00f6ne Teil hatte ich am Freitag in der letzten Woche geordert, damit [&hellip;]<\/p>\n","protected":false},"author":2,"featured_media":0,"comment_status":"open","ping_status":"open","sticky":false,"template":"","format":"standard","meta":{"jetpack_post_was_ever_published":false,"_jetpack_newsletter_access":"","_jetpack_dont_email_post_to_subs":false,"_jetpack_newsletter_tier_id":0,"_jetpack_memberships_contains_paywalled_content":false,"_jetpack_memberships_contains_paid_content":false,"footnotes":"","jetpack_publicize_message":"","jetpack_publicize_feature_enabled":true,"jetpack_social_post_already_shared":false,"jetpack_social_options":{"image_generator_settings":{"template":"highway","default_image_id":0,"enabled":false},"version":2}},"categories":[6,13,12],"tags":[27,28],"class_list":["post-5162","post","type-post","status-publish","format-standard","hentry","category-fotografie","category-nikon","category-photography","tag-nikon-d700","tag-nikon-d7000"],"jetpack_publicize_connections":[],"jetpack_featured_media_url":"","jetpack_shortlink":"https:\/\/wp.me\/p2px01-1lg","jetpack_sharing_enabled":true,"_links":{"self":[{"href":"https:\/\/www.nikonhumors.com\/index.php?rest_route=\/wp\/v2\/posts\/5162","targetHints":{"allow":["GET"]}}],"collection":[{"href":"https:\/\/www.nikonhumors.com\/index.php?rest_route=\/wp\/v2\/posts"}],"about":[{"href":"https:\/\/www.nikonhumors.com\/index.php?rest_route=\/wp\/v2\/types\/post"}],"author":[{"embeddable":true,"href":"https:\/\/www.nikonhumors.com\/index.php?rest_route=\/wp\/v2\/users\/2"}],"replies":[{"embeddable":true,"href":"https:\/\/www.nikonhumors.com\/index.php?rest_route=%2Fwp%2Fv2%2Fcomments&post=5162"}],"version-history":[{"count":0,"href":"https:\/\/www.nikonhumors.com\/index.php?rest_route=\/wp\/v2\/posts\/5162\/revisions"}],"wp:attachment":[{"href":"https:\/\/www.nikonhumors.com\/index.php?rest_route=%2Fwp%2Fv2%2Fmedia&parent=5162"}],"wp:term":[{"taxonomy":"category","embeddable":true,"href":"https:\/\/www.nikonhumors.com\/index.php?rest_route=%2Fwp%2Fv2%2Fcategories&post=5162"},{"taxonomy":"post_tag","embeddable":true,"href":"https:\/\/www.nikonhumors.com\/index.php?rest_route=%2Fwp%2Fv2%2Ftags&post=5162"}],"curies":[{"name":"wp","href":"https:\/\/api.w.org\/{rel}","templated":true}]}}