{"id":5133,"date":"2011-10-30T14:15:05","date_gmt":"2011-10-30T13:15:05","guid":{"rendered":"http:\/\/anscharius.wordpress.com\/?p=5133"},"modified":"2011-10-30T14:15:05","modified_gmt":"2011-10-30T13:15:05","slug":"fall-colors-herbstfarben","status":"publish","type":"post","link":"https:\/\/www.nikonhumors.com\/?p=5133","title":{"rendered":"Fall Colors &#8211; Herbstfarben"},"content":{"rendered":"<p>Es ist Samstag und die Sonne lacht, also geht es los. Wir steuern den Parkplatz unterhalb des \u00d6lbergs im Siebengebirge an. Ich will Sandra oben auf dem \u00d6lberg zum Mittagessen einladen. Kaum angekommen machen wir uns an den Aufstieg. Ich habe meine D7000 und die D700 im Gep\u00e4ck. Das neue kleine Manfrotto Stativ ist dabei und einige Objektive gibt es auch zur Auswahl.<\/p>\n<p>Im Wald sind die Farben der B\u00e4ume wirklich grandios. Der klare blaue Himmel bringt den ganzen Wald zum Leuchten. Die Perspektiven sind so beeindruckend, ich brauche ein Weitwinkel! Mit der D300 h\u00e4tte ich jetzt das supergute Tokina 4\/12-24mm oder das neue WALIMEX 3.5\/8mm verwendet. An der D700 benutze ich jetzt das SAMYANG 2.8\/14mm. Es hat keinen Autofokus und weil es auch keine CPU hat, gibt es statt der tollen Matrix-Belichtungsmessung &#8222;nur&#8220; eine mitten-betonte Belichtungsmessung. Aber letztlich ist es mir total egal wie die Kamera dazu kommt bei Blende 8 eine 1\/125 Sekunde zu w\u00e4hlen :-) Aufgrund der krassen Kontraste ist die wirklich exakte Belichtungsmessung ohnehin schwierig und auf dem Display anhand von Spitzlichtern und Histogrammen nur eingeschr\u00e4nkt zu beurteilen. Also w\u00e4hle ich auch heute -0.3 EV &#8211; das passt fast immer recht gut. Zus\u00e4tzlich erstelle ich jeweils via Bracketing zwei weitere Bilder mit +0.7 EV und  -0.7EV. Daraus ergibt sich jeweils diese Belichtungsreihe: +0.3EV -0.3EV -1.0EV<\/p>\n<p>Sp\u00e4ter bei der RAW-Konvertierung kann ich mir dann das Bild aussuchen bei dem die Belichtung am besten passt. Schwierig sind in der Regel die Lichter. Ist hier etwas wirklich verloren, so kann man es auch nicht wieder zur\u00fcck zaubern. Egal wie man sich in Nikon Capture oder Photoshop auch bem\u00fchen wird. Besonders bei der D700 findet sich in den dunklen Bildbereichen meist noch ausreichend viel Zeichnung, so dass man mittels &#8222;Schatten aufhellen&#8220; ein gutes Bildergebnis erh\u00e4lt.<\/p>\n<p>Oben am \u00d6lberg angekommen ist es gut besucht, alle Tische sind besetzt und die G\u00e4ste genie\u00dfen den wunderbaren Sonnenschein. W\u00e4hrend wir verschwitzt unsere Stative und Kameras wegpacken wird dann sogar einer der wirklich allerbesten Pl\u00e4tze frei, super! Nun gibt es etwas leckeres zu Essen. Wildschwein, Hirschgulasch, Reh, die Karte verhei\u00dft wirklich viele tolle Speisen.<\/p>\n<p>Doch dann f\u00e4llt mir auf, dass das was ich in der linken inneren Jackentasche f\u00fcr meine Geldb\u00f6rse hielt mein tolles gro\u00dfes Smartphone ist. Das wovon ich dachte es sei das Smartphone stellt sich als P\u00e4ckchen Tempo-Taschent\u00fccher heraus. So ein Mist, all mein Geld liegt unten auf dem Parkplatz im Auto im Kofferraum, in meiner &#8222;Stra\u00dfenjacke&#8220;. Sandra hat auch kein Geld dabei. Gro\u00dfartig! Ziemlich verschwitzt, gefrustet und hungrig machen wir uns an den Abstieg. Unten am Auto angekommen schnappe ich mir mein Geld. Ein paar Meter weiter ist ein ganz nettes traditionsreiches Restaurant. Dort gibt es zwar ein gutes J\u00e4gerschnitzel, aber eben keinen Sonnenschein und nicht den Ausblick vom h\u00f6chsten Gipfel des Siebengebirges. Es ist ok, aber irgendwie \u00e4rgere ich mich doch noch eine ganze Weile dar\u00fcber, dass ich mein Geld im Auto habe liegen lassen.<\/p>\n<p>Sp\u00e4ter bin ich dann aber mit der Qualit\u00e4t der Bilder die mit dem SAMYANG 2.8\/14mm entstanden sind ganz gl\u00fccklich. Bei offener Blende hat man im absoluten Nahbereich von ca. 30cm sogar eine wenig Hintergrundunsch\u00e4rfe! Aber die Sch\u00e4rfe an den Bildecken l\u00e4sst dann doch sehr zu w\u00fcnschen \u00fcbrig. Ich habe im Wald freih\u00e4ndig mit Blende 8 und ISO-400 bei ca. 1\/250s fotografiert. Die erh\u00f6hte ISO-Einstellung ist in den Bildern der D700 kaum ablesbar. Sogar bei ISO-800 sind die Ergebnisse noch wirklich gut!<\/p>\n<p>Die Bilder die ich mit Stativ gemacht habe sind bei ISO-200, Blende 11 oder Blende 16 mit Zeitautomatik entstanden. Die Zeitautomatik ist genau das was die D700 bei Objektiven ohne CPU unterst\u00fctzt. F\u00fcr mich v\u00f6llig ausreichend. Will man mehr, sollte man eine betagte Nikon F4 verwenden. Die funktioniert auch bei uralten Objektiven mit Blenden- und Programm-Automatik! Die F4 beherrscht dann sogar eine Matrix-Belichtungsmessung! Diese hat zwar deutlich weniger Messfelder, liefert aber dennoch \u00fcberzeugende Ergebnisse!<\/p>\n<p>Hier ein paar Beispiele unserer kleinen Wanderung. Die D7000 habe ich \u00fcbrigens GAR NICHT benutzt. Einmal mehr zeigt sind, dass ich nicht wirklich gut mit mehreren Kameras parallel fotografieren kann. Video-Sequenzen habe ich keine aufgenommen. Die D700 kann das leider nicht, hier werden wir noch eine Weile auf die D800 warten m\u00fcssen. Und st\u00e4ndig zwischen den Kameras zu wechseln ist auch nicht so toll.<\/p>\n<p>Die D700 ist in Kombination mit der D7000 schon ok und ersetzt eigentlich eine D800 sehr gut. Aber es ist doch ein wenig unpraktisch, jedenfalls auf Wanderungen. Auch ist mein Lowe Pro Minitrecker Rucksack nicht so praktisch wie man es sich bei der Arbeit mit zwei Kameras w\u00fcnschen w\u00fcrde. Um die Kamera zu wechseln muss man ihn immer wieder vom R\u00fccken nehmen, hinlegen, \u00f6ffnen, wirklich umst\u00e4ndlich ist das. Hier w\u00fcnsche ich mir manchmal eine &#8222;gute alte Fototasche&#8220;. Die h\u00e4ngt man an die Schulter und kommt immer wirklich schnell an alles ran was man gerade braucht. Bald werde ich mal wieder meinen &#8222;Slingshot&#8220; Rucksack ausprobieren, vielleicht klappt es mit dem etwas besser.<\/p>\n<p>Die folgenden Bilder sind jeweils 1000 Pixel breit oder hoch. Also einfach mal anklicken um das &#8222;Original&#8220; zu sehen.<\/p>\n<p>Starten wir mit dem ersten Bild &#8211; es ist ein klassischer &#8222;Blick nach Oben&#8220;. Die Sch\u00e4rfe des billigen SAMYANG Fisheye-Objektives ist beeindruckend.<\/p>\n<p><a href=\"http:\/\/anscharius.files.wordpress.com\/2011\/10\/dsc_2197.jpg\"><img loading=\"lazy\" decoding=\"async\" class=\"alignnone size-full wp-image-5135\" title=\"DSC_2197\" src=\"http:\/\/anscharius.files.wordpress.com\/2011\/10\/dsc_2197.jpg\" alt=\"\" width=\"590\" height=\"392\" \/><\/a><\/p>\n<p>Aufgrund des einfachen optischen Aufbaus schl\u00e4gt sich dieses Objektiv auch in Gegenlicht-Situationen wirklich gut!<\/p>\n<p><a href=\"http:\/\/anscharius.files.wordpress.com\/2011\/10\/dsc_2232.jpg\"><img loading=\"lazy\" decoding=\"async\" class=\"alignnone size-full wp-image-5137\" title=\"DSC_2232\" src=\"http:\/\/anscharius.files.wordpress.com\/2011\/10\/dsc_2232.jpg\" alt=\"\" width=\"590\" height=\"885\" \/><\/a><\/p>\n<p>Hier eine mit Photoshop leicht \u00fcberarbeitete Fassung.<\/p>\n<p><a href=\"http:\/\/anscharius.files.wordpress.com\/2011\/10\/dsc_2232-ps.jpg\"><img loading=\"lazy\" decoding=\"async\" class=\"alignnone size-full wp-image-5136\" title=\"DSC_2232-PS\" src=\"http:\/\/anscharius.files.wordpress.com\/2011\/10\/dsc_2232-ps.jpg\" alt=\"\" width=\"590\" height=\"885\" \/><\/a><\/p>\n<p>Bei sehr kurzen Brennweiten kommt es fast immer wirklich gut r\u00fcber, wenn es ein interessantes Motiv im Vordergrund ist. Der eingebaute kleine Blitz der D700 hilft hier sehr effizient den Baumstumpf unauff\u00e4llig aufzuhellen.<\/p>\n<p><a href=\"http:\/\/anscharius.files.wordpress.com\/2011\/10\/dsc_2361.jpg\"><img loading=\"lazy\" decoding=\"async\" class=\"alignnone size-full wp-image-5138\" title=\"DSC_2361\" src=\"http:\/\/anscharius.files.wordpress.com\/2011\/10\/dsc_2361.jpg\" alt=\"\" width=\"590\" height=\"885\" \/><\/a><\/p>\n<p>Haucht man die riesige Fisheye-Frontlinse an, muss man sich beeilen, denn sie trocknet sehr ungleichm\u00e4\u00dfig ab. Meist vom Rand zur Mitte hin. Ein malerischer Effekt ist aber dennoch recht einfach realisierbar.<\/p>\n<p><a href=\"http:\/\/anscharius.files.wordpress.com\/2011\/10\/dsc_2367.jpg\"><img loading=\"lazy\" decoding=\"async\" class=\"alignnone size-full wp-image-5139\" title=\"DSC_2367\" src=\"http:\/\/anscharius.files.wordpress.com\/2011\/10\/dsc_2367.jpg\" alt=\"\" width=\"590\" height=\"886\" \/><\/a><\/p>\n<p>Bei diesem Bild habe ich die &#8222;Zitter-Technik&#8220; verwendet. Es sieht aus als w\u00fcrden farbige S\u00e4ulen aus dem Boden schie\u00dfen. Auch sieht man sehr gut wie das Fisheye die Welt die es &#8222;sieht&#8220; verkr\u00fcmmt.<\/p>\n<p><a href=\"http:\/\/anscharius.files.wordpress.com\/2011\/10\/dsc_2435.jpg\"><img loading=\"lazy\" decoding=\"async\" class=\"alignnone size-full wp-image-5140\" title=\"DSC_2435\" src=\"http:\/\/anscharius.files.wordpress.com\/2011\/10\/dsc_2435.jpg\" alt=\"\" width=\"590\" height=\"392\" \/><\/a><\/p>\n<p>An windstillen Tagen kann man sich sogar im Wald mal an einem HDR versuchen. Hier habe ich ein Bild aus 5 JPGs die mit 0.7EV Unterschied belichtet sind. Zusammen gerechnet habe ich es mit Photomatix Pro 4.0 auf dem Mac.<\/p>\n<p><a href=\"http:\/\/anscharius.files.wordpress.com\/2011\/10\/dsc_2468_69_70_71_72_tonemapped.jpg\"><img loading=\"lazy\" decoding=\"async\" class=\"alignnone size-full wp-image-5141\" title=\"DSC_2468_69_70_71_72_tonemapped\" src=\"http:\/\/anscharius.files.wordpress.com\/2011\/10\/dsc_2468_69_70_71_72_tonemapped.jpg\" alt=\"\" width=\"590\" height=\"887\" \/><\/a><\/p>\n<p>Hier nun ein Foto das mit dem Nikon AF-S 24-85 und Polfilter bei Blende 5.6 und ISO-400 entstanden ist.<\/p>\n<p><a href=\"http:\/\/anscharius.files.wordpress.com\/2011\/10\/dsc_2499.jpg\"><img loading=\"lazy\" decoding=\"async\" class=\"alignnone size-full wp-image-5142\" title=\"DSC_2499\" src=\"http:\/\/anscharius.files.wordpress.com\/2011\/10\/dsc_2499.jpg\" alt=\"\" width=\"590\" height=\"885\" \/><\/a><\/p>\n<p>Und noch einige Bilder mit dem Motto &#8222;Ein Schuss ins Bunte&#8220;&#8230;<\/p>\n<p><a href=\"http:\/\/anscharius.files.wordpress.com\/2011\/10\/dsc_2501.jpg\"><img loading=\"lazy\" decoding=\"async\" class=\"alignnone size-full wp-image-5143\" title=\"DSC_2501\" src=\"http:\/\/anscharius.files.wordpress.com\/2011\/10\/dsc_2501.jpg\" alt=\"\" width=\"590\" height=\"885\" \/><\/a><\/p>\n<p><a href=\"http:\/\/anscharius.files.wordpress.com\/2011\/10\/dsc_2510.jpg\"><img loading=\"lazy\" decoding=\"async\" class=\"alignnone size-full wp-image-5144\" title=\"DSC_2510\" src=\"http:\/\/anscharius.files.wordpress.com\/2011\/10\/dsc_2510.jpg\" alt=\"\" width=\"590\" height=\"885\" \/><\/a><\/p>\n<p><a href=\"http:\/\/anscharius.files.wordpress.com\/2011\/10\/dsc_2512.jpg\"><img loading=\"lazy\" decoding=\"async\" class=\"alignnone size-full wp-image-5145\" title=\"DSC_2512\" src=\"http:\/\/anscharius.files.wordpress.com\/2011\/10\/dsc_2512.jpg\" alt=\"\" width=\"590\" height=\"392\" \/><\/a><\/p>\n<p>Ein &#8222;flotter Dreh aus dem Handgelenk&#8220; bringt immer wieder erstaunliche Bildergebnisse :-)<\/p>\n<p><a href=\"http:\/\/anscharius.files.wordpress.com\/2011\/10\/dsc_2527.jpg\"><img loading=\"lazy\" decoding=\"async\" class=\"alignnone size-full wp-image-5146\" title=\"DSC_2527\" src=\"http:\/\/anscharius.files.wordpress.com\/2011\/10\/dsc_2527.jpg\" alt=\"\" width=\"590\" height=\"885\" \/><\/a><\/p>\n<p>Ok, Freunde! Sandra hat heute Geburtstag und wir machen uns jetzt mal auf in Richtung Bad Godesberg. Lecker Essen, Kino, der Tag wird sicher sch\u00f6n :-)<\/p>\n","protected":false},"excerpt":{"rendered":"<p>Es ist Samstag und die Sonne lacht, also geht es los. Wir steuern den Parkplatz unterhalb des \u00d6lbergs im Siebengebirge an. Ich will Sandra oben auf dem \u00d6lberg zum Mittagessen einladen. Kaum angekommen machen wir uns an den Aufstieg. Ich habe meine D7000 und die D700 im Gep\u00e4ck. Das neue kleine Manfrotto Stativ ist dabei [&hellip;]<\/p>\n","protected":false},"author":2,"featured_media":0,"comment_status":"open","ping_status":"open","sticky":false,"template":"","format":"standard","meta":{"jetpack_post_was_ever_published":false,"_jetpack_newsletter_access":"","_jetpack_dont_email_post_to_subs":false,"_jetpack_newsletter_tier_id":0,"_jetpack_memberships_contains_paywalled_content":false,"_jetpack_memberships_contains_paid_content":false,"footnotes":"","jetpack_publicize_message":"","jetpack_publicize_feature_enabled":true,"jetpack_social_post_already_shared":false,"jetpack_social_options":{"image_generator_settings":{"template":"highway","default_image_id":0,"enabled":false},"version":2}},"categories":[6,13,12],"tags":[223,150],"class_list":["post-5133","post","type-post","status-publish","format-standard","hentry","category-fotografie","category-nikon","category-photography","tag-herbstfarben","tag-siebengebirge"],"jetpack_publicize_connections":[],"jetpack_featured_media_url":"","jetpack_shortlink":"https:\/\/wp.me\/p2px01-1kN","jetpack_sharing_enabled":true,"_links":{"self":[{"href":"https:\/\/www.nikonhumors.com\/index.php?rest_route=\/wp\/v2\/posts\/5133","targetHints":{"allow":["GET"]}}],"collection":[{"href":"https:\/\/www.nikonhumors.com\/index.php?rest_route=\/wp\/v2\/posts"}],"about":[{"href":"https:\/\/www.nikonhumors.com\/index.php?rest_route=\/wp\/v2\/types\/post"}],"author":[{"embeddable":true,"href":"https:\/\/www.nikonhumors.com\/index.php?rest_route=\/wp\/v2\/users\/2"}],"replies":[{"embeddable":true,"href":"https:\/\/www.nikonhumors.com\/index.php?rest_route=%2Fwp%2Fv2%2Fcomments&post=5133"}],"version-history":[{"count":0,"href":"https:\/\/www.nikonhumors.com\/index.php?rest_route=\/wp\/v2\/posts\/5133\/revisions"}],"wp:attachment":[{"href":"https:\/\/www.nikonhumors.com\/index.php?rest_route=%2Fwp%2Fv2%2Fmedia&parent=5133"}],"wp:term":[{"taxonomy":"category","embeddable":true,"href":"https:\/\/www.nikonhumors.com\/index.php?rest_route=%2Fwp%2Fv2%2Fcategories&post=5133"},{"taxonomy":"post_tag","embeddable":true,"href":"https:\/\/www.nikonhumors.com\/index.php?rest_route=%2Fwp%2Fv2%2Ftags&post=5133"}],"curies":[{"name":"wp","href":"https:\/\/api.w.org\/{rel}","templated":true}]}}