{"id":4914,"date":"2011-10-10T05:24:23","date_gmt":"2011-10-10T04:24:23","guid":{"rendered":"http:\/\/anscharius.wordpress.com\/?p=4914"},"modified":"2011-10-10T05:24:23","modified_gmt":"2011-10-10T04:24:23","slug":"nikon-d7000-und-af-s-vr-18-200mm","status":"publish","type":"post","link":"https:\/\/www.nikonhumors.com\/?p=4914","title":{"rendered":"Nikon D7000 und das Nikon AF-S VR 18-200mm"},"content":{"rendered":"<p>Eigentlich mag ich sie ja nicht diese &#8222;Superzoom-Objektive&#8220;. Ok sie sind total praktisch aber abgesehen davon k\u00f6nnen sie eigentlich nichts wirklich gut. Meiner Meinung nach sind sie in jedem Fall ein Kompromiss. Ob man damit leben kann muss jeder selbst entscheiden. Festbrennweiten\u00a0und seien sie noch so alt sind h\u00e4ufig \u00fcberlegen, aber eben auch unpraktisch! L\u00e4\u00dft sich die Verzeichnung der Super-Zoom-Linsen ad\u00e4quat korrigieren und spielt die Lichtst\u00e4rke keine Rolle und hat man ein Motiv das &#8222;still h\u00e4lt&#8220; kann man aber durchaus gute Ergebnisse mit einem Super-Zoom erzielen. Lediglich bei der Sch\u00e4rfe an den Bildr\u00e4ndern muss man in der Regel Abstriche in Kauf nehmen.<\/p>\n<p>Auch das beliebte Nikon AF-S VR 18-200mm ist hier keine Ausnahme. Urspr\u00fcnglich hatte ich es gekauft um bei anstrengenden\u00a0Wanderungen in den USA das Gewicht\u00a0meines Fotorucksacks\u00a0signifikant reduzieren zu k\u00f6nnen. Dann habe ich es im Jahr 2010 meiner Freundin Sandra kurz ausgeliehen. Danach war es dann weg, es ist einfach unglaublich praktisch :-) Als ich es \u00fcber ein Jahr sp\u00e4ter mal wieder benutzen durfte, funktionierte\u00a0der Autofokus nicht mehr so richtig. Sand hatte sich im Innern des Objetkivs\u00a0ausgebreitet und den Ultraschallmotor\u00a0besch\u00e4digt. Es ist eben doch keine Linse f\u00fcr den harten Fotoalltag\u00a0in den W\u00fcstenregionen Nordamerikas.<\/p>\n<p>Aber es war noch Garantie drauf und Nikon hat es kostenlos in Stand gesetzt, nun klappt wieder alles ganz vorz\u00fcglich. Und so war es dann gestern bei unserer winzig kleinen Fotowanderung\u00a0oben auf der Erpeler\u00a0Ley nach langer Zeit mal wieder dabei. Nach den Testbildern mit der neuen P7100 und den Infrarotfotos\u00a0mit der D700 fiel mit der sch\u00f6ne Blick auf die <a title=\"Mehr \u00fcber dieses Bauwerk in der Wikipedia\" href=\"http:\/\/de.wikipedia.org\/wiki\/Apollinariskirche_(Remagen)\" target=\"_blank\">Apollinaris\u00a0Kirche<\/a> unten auf der anderen Rheinseite\u00a0auf. Warum nicht schnell ein Testbild mit diesem Superzoom bei 200mm Brennweite unter &#8222;echten Bedingungen&#8220; knipsen?<\/p>\n<p>Also rauf auf das Stativ mit der D7000, den Infrarotausl\u00f6ser aktiviert und &#8222;Feuer frei&#8220;.<\/p>\n<p>Hier ist das konvertierte RAW-Bild aus der D7000 in voller Aufl\u00f6sung (Anklicken f\u00fcr Originalgr\u00f6\u00dfe)<\/p>\n<p><a href=\"http:\/\/anscharius.files.wordpress.com\/2011\/10\/d7000_7807.jpg\"><img loading=\"lazy\" decoding=\"async\" class=\"alignnone size-full wp-image-4917\" title=\"D7000_7807.jpg\" src=\"http:\/\/anscharius.files.wordpress.com\/2011\/10\/d7000_7807.jpg\" alt=\"\" width=\"590\" height=\"390\" \/><\/a><\/p>\n<p>Schaut man es sich wirklich genau an f\u00e4llt auf, dass die Sch\u00e4rfe zu den R\u00e4ndern hin deutlich abnimmt. Hier w\u00e4re mein 30 Jahre altes Nikon AiS 4\/200mm sehr wahrscheinlich besser gewesen. Dumm, dass es nicht im Rucksack war. Aber vielleicht habe ich sie beim n\u00e4chsten Mal beide dabei :-)<\/p>\n","protected":false},"excerpt":{"rendered":"<p>Eigentlich mag ich sie ja nicht diese &#8222;Superzoom-Objektive&#8220;. Ok sie sind total praktisch aber abgesehen davon k\u00f6nnen sie eigentlich nichts wirklich gut. Meiner Meinung nach sind sie in jedem Fall ein Kompromiss. Ob man damit leben kann muss jeder selbst entscheiden. Festbrennweiten\u00a0und seien sie noch so alt sind h\u00e4ufig \u00fcberlegen, aber eben auch unpraktisch! L\u00e4\u00dft [&hellip;]<\/p>\n","protected":false},"author":2,"featured_media":0,"comment_status":"open","ping_status":"open","sticky":false,"template":"","format":"standard","meta":{"jetpack_post_was_ever_published":false,"_jetpack_newsletter_access":"","_jetpack_dont_email_post_to_subs":false,"_jetpack_newsletter_tier_id":0,"_jetpack_memberships_contains_paywalled_content":false,"_jetpack_memberships_contains_paid_content":false,"footnotes":"","jetpack_publicize_message":"","jetpack_publicize_feature_enabled":true,"jetpack_social_post_already_shared":false,"jetpack_social_options":{"image_generator_settings":{"template":"highway","default_image_id":0,"enabled":false},"version":2}},"categories":[6,13],"tags":[171],"class_list":["post-4914","post","type-post","status-publish","format-standard","hentry","category-fotografie","category-nikon","tag-d7000"],"jetpack_publicize_connections":[],"jetpack_featured_media_url":"","jetpack_shortlink":"https:\/\/wp.me\/p2px01-1hg","jetpack_sharing_enabled":true,"_links":{"self":[{"href":"https:\/\/www.nikonhumors.com\/index.php?rest_route=\/wp\/v2\/posts\/4914","targetHints":{"allow":["GET"]}}],"collection":[{"href":"https:\/\/www.nikonhumors.com\/index.php?rest_route=\/wp\/v2\/posts"}],"about":[{"href":"https:\/\/www.nikonhumors.com\/index.php?rest_route=\/wp\/v2\/types\/post"}],"author":[{"embeddable":true,"href":"https:\/\/www.nikonhumors.com\/index.php?rest_route=\/wp\/v2\/users\/2"}],"replies":[{"embeddable":true,"href":"https:\/\/www.nikonhumors.com\/index.php?rest_route=%2Fwp%2Fv2%2Fcomments&post=4914"}],"version-history":[{"count":0,"href":"https:\/\/www.nikonhumors.com\/index.php?rest_route=\/wp\/v2\/posts\/4914\/revisions"}],"wp:attachment":[{"href":"https:\/\/www.nikonhumors.com\/index.php?rest_route=%2Fwp%2Fv2%2Fmedia&parent=4914"}],"wp:term":[{"taxonomy":"category","embeddable":true,"href":"https:\/\/www.nikonhumors.com\/index.php?rest_route=%2Fwp%2Fv2%2Fcategories&post=4914"},{"taxonomy":"post_tag","embeddable":true,"href":"https:\/\/www.nikonhumors.com\/index.php?rest_route=%2Fwp%2Fv2%2Ftags&post=4914"}],"curies":[{"name":"wp","href":"https:\/\/api.w.org\/{rel}","templated":true}]}}