{"id":4757,"date":"2011-09-25T10:14:37","date_gmt":"2011-09-25T09:14:37","guid":{"rendered":"http:\/\/anscharius.wordpress.com\/?p=4757"},"modified":"2011-09-25T10:14:37","modified_gmt":"2011-09-25T09:14:37","slug":"infrarot-fotografie-mit-der-nikon-d700","status":"publish","type":"post","link":"https:\/\/www.nikonhumors.com\/?p=4757","title":{"rendered":"Infrarot-Fotografie mit der Nikon D700"},"content":{"rendered":"<p>Es ist Samstag und die Sonne lacht. Gleich nach dem Fr\u00fchst\u00fcck\u00a0sitzen wir schon in Sandras neuem Cabrio und genie\u00dfen das Leben. Nach einem kurzen Zwischenstopp\u00a0bei der Bonner Peugeot\u00a0Niederlassung (-&gt;Wo ist der Schl\u00fcssel f\u00fcr das Felgenschloss?) geht es \u00fcber die Autobahn weiter in Richtung Siegburg. Kurz vor Hennef verlassen wir die Autobahn\u00a0und fahren ein wenig auf der Wahnbachtalstra\u00dfe. Ich schaue auf dem HTC\u00a0Desire\u00a0HD\u00a0via google Maps nach dem Weg. Ich habe im Hinterkopf, dass es hier in der N\u00e4he das &#8222;Sieg-Wehr&#8220; geben m\u00fcsste. Nach ein paar Minuten haben wir es dann auch schon gefunden. Schnell das Auto parken und das Dach schlie\u00dfen &#8211; ein Vogel hat es schon gesehen!!<\/p>\n<p><strong>Alle Fotos haben 1000 Pixel Seitenbreite &#8211; einfach anklicken um diese gr\u00f6\u00dfere Darstellung zu \u00f6ffnen!<\/strong><\/p>\n<p><a href=\"http:\/\/anscharius.files.wordpress.com\/2011\/09\/dsc_1176.jpg\"><img loading=\"lazy\" decoding=\"async\" class=\"alignnone size-full wp-image-4765\" title=\"DSC_1176\" src=\"http:\/\/anscharius.files.wordpress.com\/2011\/09\/dsc_1176.jpg\" alt=\"\" width=\"590\" height=\"392\" \/><\/a><\/p>\n<p>Auf eine outdoor\u00a0Fototour\u00a0ist Sandra nicht vorbereitet. Die Schuhe sind unpassend und die fetzig\u00a0rote Jacke und die schwarze Hose sind an diesem tollen Sp\u00e4tsommertag definitiv zu warm. An der D700 habe ich ein altes <strong>Nikkor\u00a0AiS 2.0\/105mm<\/strong>\u00a0&#8211; ein perfektes Portrait-Objektiv mit wirklich tollem <a title=\"Hier wird erkl\u00e4rt was das ist\" href=\"http:\/\/de.wikipedia.org\/wiki\/Bokeh\" target=\"_blank\">Bokeh<\/a>\u00a0(Hintergrundunsch\u00e4rfe).<\/p>\n<p>Dann kommt ein 8x Graufilter vor die Linse. Aber es ist trotz allem viel zu hell f\u00fcr &#8222;normale&#8220; Fotos mit Bewegungsunsch\u00e4rfe innerhalb der vom Wehr herabst\u00fcrzenden Wassermassen.<\/p>\n<p><a href=\"http:\/\/anscharius.files.wordpress.com\/2011\/09\/d70_7415.jpg\"><img loading=\"lazy\" decoding=\"async\" class=\"alignnone size-full wp-image-4758\" title=\"D70_7415\" src=\"http:\/\/anscharius.files.wordpress.com\/2011\/09\/d70_7415.jpg\" alt=\"\" width=\"590\" height=\"391\" \/><\/a><\/p>\n<p>Au\u00dferdem steht die Sonne hoch und das Licht ist richtig fies. Diese &#8222;Sch\u00fcsse&#8220; kann man eigentlich gleich wieder l\u00f6schen. Ich setze mal ein anderes altes <strong>Nikkor\u00a0AiS 4\/200mm<\/strong>\u00a0an das Bajonett der D700 und schraube\u00a0den Graufilter\u00a0samt aller Filteradapter an dieses Objektiv.<\/p>\n<p><a href=\"http:\/\/anscharius.files.wordpress.com\/2011\/09\/dsc_1274.jpg\"><img loading=\"lazy\" decoding=\"async\" class=\"alignnone size-full wp-image-4766\" title=\"DSC_1274\" src=\"http:\/\/anscharius.files.wordpress.com\/2011\/09\/dsc_1274.jpg\" alt=\"\" width=\"590\" height=\"397\" \/><\/a><\/p>\n<p>Damit bekommt man ann\u00e4hernd den &#8222;Wisch-Effekt&#8220; hin den ich mir vorstelle. Ich warte eine Weile ab und dann haben tats\u00e4chlich alle drei Wildg\u00e4nse den Kopf erhoben :-)<\/p>\n<p>Aber die Farben sind blass und das Licht wird immer fieser. Aber wie w\u00e4re es denn mit ein paar Infrarot-Aufnahmen? Ich krame mal mein altes <strong>Nikkor\u00a0AiS 2.0\/35mm<\/strong> und meinen <strong>HAMA\u00a0INFRARED R-72<\/strong>\u00a0aus dem Fotorucksack. Mit ein paar Adapterringen\u00a0passt dieser nicht ganz billige Filter an (fast) alle Objektive die dabei habe. Lediglich mein Sigma 17-35mm hat einen Filterdurchmesser\u00a0von 82mm &#8211; das ist wirklich riesig und fast jeder Filter bewirkt hier auch krasse Abschattungen\u00a0der Bildecken. Also lassen wir dieses Ding mal au\u00dfen vor! Gern h\u00e4tte ich vorort\u00a0mit der D7000 ein paar Fotos der D700 mit den diversen Filtern geknipst, aber Sandra hat nur eine SD-Karte dabei und diese ist irgendwie kaputt. Nach genau 70 Bildern l\u00e4\u00dft sich alles was danach kommt nicht mehr \u00f6ffnen. Also weg mit dem Ding&#8230; Ich bin insgeheim ganz froh, dass ich in der D1x, D2x, D300 und D700 die guten alten gro\u00dfen CF-Karten\u00a0verwenden kann. Die sind deutlich robuster und ich hatte noch NIE irgendein Problem damit! Die fummeligen kleinen SD Karten sind mir auch schon mehrfach kaputt gegangen. Meist bricht bei intensiver Nutzung irgendwann das d\u00fcnne Plastikgeh\u00e4use auseinander.<\/p>\n<p>Daher habe ich hier zwei &#8222;indoor&#8220; Fotos der D700 mit dem 2.0\/35mm und dem Infrarot-Filter die ich eben f\u00fcr Euch mit der D7000 und einem Nikon SB-800 gemacht habe. Mit dem SB-800 habe ich einfach nach oben gegen die wei\u00dfe Decke geblitzt. Man sieht\u00a0hier sehr sch\u00f6n, dass dieser IR-Filter fast schwarz ist. Ist er vor dem Objektiv, sieht man nichts aber auch gar nichts durch den Sucher. Auch der Live-View funktioniert damit NICHT!<\/p>\n<p><a href=\"http:\/\/anscharius.files.wordpress.com\/2011\/09\/d70_7439.jpg\"><img loading=\"lazy\" decoding=\"async\" class=\"alignnone size-full wp-image-4759\" title=\"D70_7439\" src=\"http:\/\/anscharius.files.wordpress.com\/2011\/09\/d70_7439.jpg\" alt=\"\" width=\"590\" height=\"391\" \/><\/a><\/p>\n<p><a href=\"http:\/\/anscharius.files.wordpress.com\/2011\/09\/d70_7446.jpg\"><img loading=\"lazy\" decoding=\"async\" class=\"alignnone size-full wp-image-4760\" title=\"D70_7446\" src=\"http:\/\/anscharius.files.wordpress.com\/2011\/09\/d70_7446.jpg\" alt=\"\" width=\"590\" height=\"628\" \/><\/a><\/p>\n<p>Da hilft also nur eines, man komponiert mit der Kamera auf dem Stativ in aller Ruhe sein Motiv und schraubt dann den IR-Filter vor das Objektiv. Die Blichtungszeiten liegen bei ISO-100 und Blende 8 bei etwa 20 bis 30 Sekunden und das am hellichten Tage!!<\/p>\n<p>Auf dem Display der D700 zeigen sich recht blasse nicht wirklich spektakul\u00e4r wirkende rotstichige Bilder wie dieses hier:<\/p>\n<p><a href=\"http:\/\/anscharius.files.wordpress.com\/2011\/09\/dsc_1352.jpg\"><img loading=\"lazy\" decoding=\"async\" class=\"alignnone size-full wp-image-4764\" title=\"DSC_1352\" src=\"http:\/\/anscharius.files.wordpress.com\/2011\/09\/dsc_1352.jpg\" alt=\"\" width=\"590\" height=\"392\" \/><\/a><\/p>\n<p>Aber man darf sich davon nicht entmutigen lassen und sollte parallel IMMER ein RAW-Bild aufzeichnen. Bei der RAW-Konvertierung wird sp\u00e4ter am Computer erstaunliches sichtbar werden!<\/p>\n<p><a href=\"http:\/\/anscharius.files.wordpress.com\/2011\/09\/dsc_1356.jpg\"><img loading=\"lazy\" decoding=\"async\" class=\"alignnone size-full wp-image-4762\" title=\"DSC_1356\" src=\"http:\/\/anscharius.files.wordpress.com\/2011\/09\/dsc_1356.jpg\" alt=\"\" width=\"590\" height=\"392\" \/><\/a><\/p>\n<p><a href=\"http:\/\/anscharius.files.wordpress.com\/2011\/09\/dsc_1352_1.jpg\"><img loading=\"lazy\" decoding=\"async\" class=\"alignnone size-full wp-image-4761\" title=\"DSC_1352_1\" src=\"http:\/\/anscharius.files.wordpress.com\/2011\/09\/dsc_1352_1.jpg\" alt=\"\" width=\"590\" height=\"385\" \/><\/a><\/p>\n<p>Kontraste und Bewegungsunsch\u00e4rfe sind wirklich spektakul\u00e4r! Dadurch, dass nur langwelliges\u00a0(rotes) Licht den Filter passieren kann, gibt es keinerlei wahrnehmbare Abbildungsfehler\u00a0in den Bildecken (<a title=\"Hier wird erkl\u00e4rt was das ist\" href=\"http:\/\/de.wikipedia.org\/wiki\/Chromatische_Aberration\" target=\"_blank\">Chromatische Aberation<\/a>). Hat man alles richtig gemacht, sind die Bilder dadurch wirklich &#8222;knackscharf&#8220;.<\/p>\n<p>Nach den IR-Bilder kommt dann die <strong>Wide-V Pinhole mit Blende f\/216<\/strong>\u00a0vor die D700. Mit diesem Ding funktioniert der Live-View relativ gut und man kann in Ruhe sein Bild komponieren. Die Belichtungszeit liegt bei ISO-100 und hellem Tageslicht bei etwa 2 Sekunden. Die Bewegungsunsch\u00e4rfe ist toll, der Retrofaktor auch, das Ergebnis wirkt fast wie ein Gem\u00e4lde und das ganz ohne Tricksereien mit einer Bildbearbeitungs-Software!<\/p>\n<p><a href=\"http:\/\/anscharius.files.wordpress.com\/2011\/09\/dsc_1370.jpg\"><img loading=\"lazy\" decoding=\"async\" class=\"alignnone size-full wp-image-4763\" title=\"DSC_1370\" src=\"http:\/\/anscharius.files.wordpress.com\/2011\/09\/dsc_1370.jpg\" alt=\"\" width=\"590\" height=\"384\" \/><\/a><\/p>\n<p>Danach wird das <strong>LOREO\u00a0LENS IN A CAP<\/strong>\u00a0Plastikobjektiv\u00a0an die D700 gesetzt und es gibt ein paar vergleichende &#8222;Retro-Fotos&#8220; wie dieses hier. Die Kontraste sind blass und die Bildr\u00e4nder\u00a0sanft abgeschattet, ich mag dieses kleine runde Ding!<\/p>\n<p><a href=\"http:\/\/anscharius.files.wordpress.com\/2011\/09\/dsc_1384.jpg\"><img loading=\"lazy\" decoding=\"async\" class=\"alignnone size-full wp-image-4768\" title=\"DSC_1384\" src=\"http:\/\/anscharius.files.wordpress.com\/2011\/09\/dsc_1384.jpg\" alt=\"\" width=\"590\" height=\"392\" \/><\/a><\/p>\n<p>Danach geht es auf die Terrasse der Ruderclubs oberhalb des Wehrs und es gibt etwas kaltes zu trinken und vor allem gibt es SCHATTEN unter einem Sonnenschirm!<\/p>\n<p>Hier habe ich noch ein &#8222;Out-Out-The-Cam&#8220; JPG, also ein Foto das die Kamera so geliefert hat wie es ist, ich habe es lediglich verkleinert um Speicherplatz in meinem BLOG zu sparen. Das Foto ist mit einem <strong>Sigma AF 2.8-3.5\/17-35mm<\/strong> gemacht. (ISO-200, F\/9, 1\/320s, -0.7 EV)<\/p>\n<p><a href=\"http:\/\/anscharius.files.wordpress.com\/2011\/09\/sigma_ex_17_35.jpg\"><img loading=\"lazy\" decoding=\"async\" class=\"alignnone size-full wp-image-4769\" title=\"Sigma_EX_17_35\" src=\"http:\/\/anscharius.files.wordpress.com\/2011\/09\/sigma_ex_17_35.jpg\" alt=\"\" width=\"298\" height=\"394\" \/><\/a><\/p>\n<p>Abgesehen von leichten Abschattungen der Bildecken\u00a0bei offener\u00a0Blende ist dieses preiswerte relativ billig wirkende Objektiv an der D700 gar nicht so verkehrt. Man muss also immer einen schweren &#8222;Kn\u00fcppel&#8220; mit sich herum schleppen um sch\u00f6ne Weitwinkel-Fotos mit extremer Tiefensch\u00e4rfe zu erzielen.<\/p>\n<p><a href=\"http:\/\/anscharius.files.wordpress.com\/2011\/09\/dsc_1443.jpg\"><img loading=\"lazy\" decoding=\"async\" class=\"alignnone size-full wp-image-4770\" title=\"DSC_1443\" src=\"http:\/\/anscharius.files.wordpress.com\/2011\/09\/dsc_1443.jpg\" alt=\"\" width=\"590\" height=\"392\" \/><\/a><\/p>\n<p>Anschlie\u00dfend geht es nach Ingersau\u00a0zur Pfannkuchenm\u00fchle\u00a0&#8211; super! Den Rest des Tages verbringen wir mit einer famosen OOT (Oben Ohne Tour) durch das Bergische Land. Was f\u00fcr ein Tag :-)<\/p>\n<p>Die Bilder in diesem kleinen Artikel zeigen, dass man sich ein Motiv durch die geeignete Wahl des Standpunktes und des Objektives &#8222;erarbeiten&#8220; muss. F\u00fcr mich sind die beiden hier gezeigten IR-Fotos der Knaller schlechthin. So gut wie mit diesem Filter und diesem Objektiv lie\u00df sich dieses spr\u00f6de Motiv mit &#8222;normalen&#8220; Mitteln nicht abbilden.<\/p>\n","protected":false},"excerpt":{"rendered":"<p>Es ist Samstag und die Sonne lacht. Gleich nach dem Fr\u00fchst\u00fcck\u00a0sitzen wir schon in Sandras neuem Cabrio und genie\u00dfen das Leben. Nach einem kurzen Zwischenstopp\u00a0bei der Bonner Peugeot\u00a0Niederlassung (-&gt;Wo ist der Schl\u00fcssel f\u00fcr das Felgenschloss?) geht es \u00fcber die Autobahn weiter in Richtung Siegburg. Kurz vor Hennef verlassen wir die Autobahn\u00a0und fahren ein wenig auf [&hellip;]<\/p>\n","protected":false},"author":2,"featured_media":0,"comment_status":"open","ping_status":"open","sticky":false,"template":"","format":"standard","meta":{"jetpack_post_was_ever_published":false,"_jetpack_newsletter_access":"","_jetpack_dont_email_post_to_subs":false,"_jetpack_newsletter_tier_id":0,"_jetpack_memberships_contains_paywalled_content":false,"_jetpack_memberships_contains_paid_content":false,"footnotes":"","jetpack_publicize_message":"","jetpack_publicize_feature_enabled":true,"jetpack_social_post_already_shared":false,"jetpack_social_options":{"image_generator_settings":{"template":"highway","default_image_id":0,"enabled":false},"version":2}},"categories":[6,13,12],"tags":[196,197,198,199],"class_list":["post-4757","post","type-post","status-publish","format-standard","hentry","category-fotografie","category-nikon","category-photography","tag-d700","tag-infrared","tag-infrarot","tag-infrarot-fotografie"],"jetpack_publicize_connections":[],"jetpack_featured_media_url":"","jetpack_shortlink":"https:\/\/wp.me\/p2px01-1eJ","jetpack_sharing_enabled":true,"_links":{"self":[{"href":"https:\/\/www.nikonhumors.com\/index.php?rest_route=\/wp\/v2\/posts\/4757","targetHints":{"allow":["GET"]}}],"collection":[{"href":"https:\/\/www.nikonhumors.com\/index.php?rest_route=\/wp\/v2\/posts"}],"about":[{"href":"https:\/\/www.nikonhumors.com\/index.php?rest_route=\/wp\/v2\/types\/post"}],"author":[{"embeddable":true,"href":"https:\/\/www.nikonhumors.com\/index.php?rest_route=\/wp\/v2\/users\/2"}],"replies":[{"embeddable":true,"href":"https:\/\/www.nikonhumors.com\/index.php?rest_route=%2Fwp%2Fv2%2Fcomments&post=4757"}],"version-history":[{"count":0,"href":"https:\/\/www.nikonhumors.com\/index.php?rest_route=\/wp\/v2\/posts\/4757\/revisions"}],"wp:attachment":[{"href":"https:\/\/www.nikonhumors.com\/index.php?rest_route=%2Fwp%2Fv2%2Fmedia&parent=4757"}],"wp:term":[{"taxonomy":"category","embeddable":true,"href":"https:\/\/www.nikonhumors.com\/index.php?rest_route=%2Fwp%2Fv2%2Fcategories&post=4757"},{"taxonomy":"post_tag","embeddable":true,"href":"https:\/\/www.nikonhumors.com\/index.php?rest_route=%2Fwp%2Fv2%2Ftags&post=4757"}],"curies":[{"name":"wp","href":"https:\/\/api.w.org\/{rel}","templated":true}]}}