{"id":4707,"date":"2011-09-21T22:15:21","date_gmt":"2011-09-21T21:15:21","guid":{"rendered":"http:\/\/anscharius.wordpress.com\/?p=4707"},"modified":"2011-09-21T22:15:21","modified_gmt":"2011-09-21T21:15:21","slug":"rheinhessen-mit-der-nikon-d700-erkunden","status":"publish","type":"post","link":"https:\/\/www.nikonhumors.com\/?p=4707","title":{"rendered":"Rheinhessen mit der Nikon D700 erkunden"},"content":{"rendered":"<span class=\"embed-youtube\" style=\"text-align:center; display: block;\"><iframe loading=\"lazy\" class=\"youtube-player\" width=\"950\" height=\"535\" src=\"https:\/\/www.youtube.com\/embed\/FVozH4yCP0U?version=3&#038;rel=1&#038;showsearch=0&#038;showinfo=1&#038;iv_load_policy=1&#038;fs=1&#038;hl=de-DE&#038;autohide=2&#038;wmode=transparent\" allowfullscreen=\"true\" style=\"border:0;\" sandbox=\"allow-scripts allow-same-origin allow-popups allow-presentation allow-popups-to-escape-sandbox\"><\/iframe><\/span>\n<p>&nbsp;<\/p>\n<p>Das Wetter ist wunderbar und ich bin um 18h startklar zu einer kleinen Tour durch das Rhein-Hessische. Im Gep\u00e4ck habe ich die neue Nikon D700, das Nikon AF-S 24-85mm, Nikon AF-D 1.4\/85mm, Nikon AF-S 1.4\/50mm, Nikon AF-S VR 2.8\/28-70mm, Nikon AiS 2.8\/35mm, SAMYANG MF 2.8\/14mm, HOLGA HL-N 8\/60mm, Lensbaby LBCF, LOREO LENS IN A CAP&#8230;<\/p>\n<p>Ein Route \u00a0habe ich nicht wirklich geplant, ich will mich ein wenig mit meinem Auto und der kleinen GoPro HD HERO 960 &#8222;treiben&#8220; lassen. Aber zuerst gibt es den ultimativen Test f\u00fcr diese kleine coole Kamera und der sieht so aus!<\/p>\n<p><strong>GoPro Stresstest<\/strong><\/p>\n<p>Am Morgen habe ich es nach langem \u00dcberlegen doch gemacht&#8230; Nach dem Fr\u00fchst\u00fcck wird die Windschutzscheibe bei meinem Auto ganz oben und ganz in der Mitte ordentlich ges\u00e4ubert und dann ein kleine GoPro PAD aufgeklebt. Nun kann ich mit einer GoPro Kamera auf dem Dach spazieren fahren. Die erste Fahrt vom Hotel zum B\u00fcro sieht schon richtig cool aus. Die Umgebung spiegelt sich in der Motorhaube und dem unteren Teil der Windschutzscheibe. Das kann ja lustig werden :-)<\/p>\n<p>W\u00e4hrend ich der Korrektur einiger fieser Software-Fehler kommt mir die Idee, mal mit dieser derart exponiert montierten Kamera durch eine Waschanlage zu fahren. Ob sie das aush\u00e4lt? Ob sie vielleicht abgerissen wird und danach nur noch ein St\u00fcckchen Schrott ist? Egal, ich will es mal versuchen und so geht es mit dem schmuddligen Auto in die Waschanlage. Durch die Glasscheiben kann ich sehen wie die gro\u00dfen rotierenden B\u00fcrsten das Auto reinigen und siehe da, am Ende ist die kleine GoPro nur ein wenig nach oben gebogen. Cool, wirklich cool! Diese Klebepads halten einfach fast alles aus!!<\/p>\n<p><strong>Auf nach Rheinhessen<\/strong><\/p>\n<p>Nach der Waschanlage geht es dann auf die A60 und kurz darauf auf die A63 in Richtung S\u00fcden. Nach ein paar Kilometern verlasse ich die Autobahn und fahre einfach mal der Nase nach. Nach einer Weile finde ich die Stra\u00dfe wieder, die ich neulich zusammen mit meinem Freund Hermann mit dem Motorrad gefahren bin. Es geht durch wunderbare Weinberge. \u00dcberall sind Trecker unterwegs und es sieht f\u00fcr mich so aus, als w\u00fcrde gerade die Sp\u00e4tlese eingefahren.<\/p>\n<p>An einem kleinen T\u00fcrmchen halte ich mal an und probiere meine diversen Objektive mit der neuen D700 aus. Sp\u00e4ter bei der Konvertierung der RAW-Bilder mit Nikon Capture und Photoshop CS5 bin ich wirklich total \u00fcberrascht welche riesigen Tonwertumfang die D700 erzielt. Die D300 ist da ja schon gut, aber die D700 ist der Knaller!<\/p>\n<p>Hier zur Illustration zweimal das gleiche Foto &#8211; einmal als JPG so wie es die Kamera geliefert hat und dann als manuell konvertiertes RAW-Bild: (SAMYANG MF 2.8\/14mm)<\/p>\n<p><a href=\"http:\/\/anscharius.files.wordpress.com\/2011\/09\/dsc_0934.jpg\"><img loading=\"lazy\" decoding=\"async\" class=\"alignnone size-full wp-image-4718\" title=\"DSC_0934\" src=\"http:\/\/anscharius.files.wordpress.com\/2011\/09\/dsc_0934.jpg\" alt=\"\" width=\"590\" height=\"392\" \/><\/a><\/p>\n<p><a href=\"http:\/\/anscharius.files.wordpress.com\/2011\/09\/dsc_0934-raw.jpg\"><img loading=\"lazy\" decoding=\"async\" class=\"alignnone size-full wp-image-4717\" title=\"DSC_0934-RAW\" src=\"http:\/\/anscharius.files.wordpress.com\/2011\/09\/dsc_0934-raw.jpg\" alt=\"\" width=\"590\" height=\"392\" \/><\/a><\/p>\n<p>Nach den ersten Testbildern mit dem neuen AF-S 1.4\/50mm experimentiere ich ein wenig mit dem kleinen HOLG-Plastik-Objektiv. Sp\u00e4ter werde ich dann feststellen, dass mir genau dieses Ding an der D300 besser gef\u00e4llt. An der D700 ist die mit die an und f\u00fcr sich sehr sch\u00f6ne ungleichm\u00e4\u00dfige Vignettierung einfach zu krass. Aber seht selbst&#8230;.<\/p>\n<p><a href=\"http:\/\/anscharius.files.wordpress.com\/2011\/09\/dsc_0763.jpg\"><img loading=\"lazy\" decoding=\"async\" class=\"alignnone size-full wp-image-4709\" title=\"DSC_0763\" src=\"http:\/\/anscharius.files.wordpress.com\/2011\/09\/dsc_0763.jpg\" alt=\"\" width=\"590\" height=\"393\" \/><\/a><\/p>\n<p><a href=\"http:\/\/anscharius.files.wordpress.com\/2011\/09\/dsc_0767.jpg\"><img loading=\"lazy\" decoding=\"async\" class=\"alignnone size-full wp-image-4710\" title=\"DSC_0767\" src=\"http:\/\/anscharius.files.wordpress.com\/2011\/09\/dsc_0767.jpg\" alt=\"\" width=\"590\" height=\"887\" \/><\/a><\/p>\n<p><a href=\"http:\/\/anscharius.files.wordpress.com\/2011\/09\/dsc_0774.jpg\"><img loading=\"lazy\" decoding=\"async\" class=\"alignnone size-full wp-image-4711\" title=\"DSC_0774\" src=\"http:\/\/anscharius.files.wordpress.com\/2011\/09\/dsc_0774.jpg\" alt=\"\" width=\"590\" height=\"393\" \/><\/a><\/p>\n<p>Nach dem HOLGA montiere ich das Nikon AF-D 1.4\/85mm an die D700 und schie\u00dfe einige Bilder mit komplett ge\u00f6ffneter Blende. Hier geht es jetzt im die &#8222;Vordergrund-Unsch\u00e4rfe&#8220; und auch die ist wie erwartet sehr harmonisch. Interessant ist die leichte aber gut sichtbare Vignettierung die bei Verwendung des gleichen Objektivs an der D2x oder D300 \u00fcberhaupt nicht sichtbar ist!<\/p>\n<p><a href=\"http:\/\/anscharius.files.wordpress.com\/2011\/09\/dsc_0836.jpg\"><img loading=\"lazy\" decoding=\"async\" class=\"alignnone size-full wp-image-4712\" title=\"DSC_0836\" src=\"http:\/\/anscharius.files.wordpress.com\/2011\/09\/dsc_0836.jpg\" alt=\"\" width=\"590\" height=\"392\" \/><\/a><\/p>\n<p>Hier noch ein Foto meiner schwarzen &#8222;Diesel-Rakete&#8220; mit aufgeklebter GoPro Kamera. Bei Blende 5.6 und Gegenlicht liefert dieses Objektiv knackscharfe Bilder die trotzdem eine angenehme &#8222;Hintergrund-Unsch\u00e4rfe&#8220; zeigen &#8211; super!!<\/p>\n<p><a href=\"http:\/\/anscharius.files.wordpress.com\/2011\/09\/dsc_0819.jpg\"><img loading=\"lazy\" decoding=\"async\" class=\"alignnone size-full wp-image-4727\" title=\"DSC_0819\" src=\"http:\/\/anscharius.files.wordpress.com\/2011\/09\/dsc_0819.jpg\" alt=\"\" width=\"590\" height=\"368\" \/><\/a><\/p>\n<p>Danach ist dann das kleine billige LOREO LENS IN A CAP Ding an meine D700. Dieses &#8222;Objektiv&#8220; besteht nur aus einer drehbaren Plastikscheibe mit L\u00f6chern im Format Blende 5.6 &#8211; 64 und einer kleinen Plastiklinse. Irgendwie ist mir dieses Ding von allen &#8222;Retro-Dingern&#8220; das Liebste<\/p>\n<p><a href=\"http:\/\/anscharius.files.wordpress.com\/2011\/09\/dsc_0876.jpg\"><img loading=\"lazy\" decoding=\"async\" class=\"alignnone size-full wp-image-4713\" title=\"DSC_0876\" src=\"http:\/\/anscharius.files.wordpress.com\/2011\/09\/dsc_0876.jpg\" alt=\"\" width=\"590\" height=\"392\" \/><\/a><\/p>\n<p>Es ist Erntezeit und ich mag mir gar nicht ausmalen was geschieht wenn man mit einem Motorrad in solch eine Erntemachine kracht! Gut gefallen mit die flauen Kontraste bei diesem kleinen Plastik-Ding. Die Bilder sehen ohne Nachbearbeitung aus als w\u00e4ren sie 40 Jahre alt, schon cool!<\/p>\n<p><a href=\"http:\/\/anscharius.files.wordpress.com\/2011\/09\/dsc_0879.jpg\"><img loading=\"lazy\" decoding=\"async\" class=\"alignnone size-full wp-image-4714\" title=\"DSC_0879\" src=\"http:\/\/anscharius.files.wordpress.com\/2011\/09\/dsc_0879.jpg\" alt=\"\" width=\"590\" height=\"392\" \/><\/a><\/p>\n<p>Hier ein kleiner Gegenlichttest mit dem LENS IN A CAP &#8211; Interessant die Ausbildung der Lichtreflexe innerhalb der kleinen Plastiklinse. So bekommt man das mit meinem anderen Objektiv und auch nicht mit Photoshop hin. Ob man es mag? Das ist Geschmacksache, mir gef\u00e4llt es irgendwie denn es sieht anders aus als alles was man von &#8222;normalen&#8220; Objektiven gewohnt ist.<\/p>\n<p><a href=\"http:\/\/anscharius.files.wordpress.com\/2011\/09\/dsc_0906.jpg\"><img loading=\"lazy\" decoding=\"async\" class=\"alignnone size-full wp-image-4715\" title=\"DSC_0906\" src=\"http:\/\/anscharius.files.wordpress.com\/2011\/09\/dsc_0906.jpg\" alt=\"\" width=\"590\" height=\"392\" \/><\/a><\/p>\n<p>Anschlie\u00dfend ist das SAMYANG MF 2.8\/14mm an der Reihe. Und was soll ich sagen, dieses mit etwa 350,- Euro wirklich preiswerte Objektiv begeistert mich total. Besonders das Gegenlichtverhalten ist einfach grandios!<\/p>\n<p><a href=\"http:\/\/anscharius.files.wordpress.com\/2011\/09\/dsc_0911.jpg\"><img loading=\"lazy\" decoding=\"async\" class=\"alignnone size-full wp-image-4716\" title=\"DSC_0911\" src=\"http:\/\/anscharius.files.wordpress.com\/2011\/09\/dsc_0911.jpg\" alt=\"\" width=\"590\" height=\"887\" \/><\/a><\/p>\n<p><a href=\"http:\/\/anscharius.files.wordpress.com\/2011\/09\/dsc_0949.jpg\"><img loading=\"lazy\" decoding=\"async\" class=\"alignnone size-full wp-image-4719\" title=\"DSC_0949\" src=\"http:\/\/anscharius.files.wordpress.com\/2011\/09\/dsc_0949.jpg\" alt=\"\" width=\"590\" height=\"392\" \/><\/a><\/p>\n<p>Hier nun ein &#8222;unkorrigiertes&#8220; Bild aus dem SAMYANG 14mm Weitwinkel. Einmal als konvertiertes RAW-Bild (Photoshop CS5 RAW-Import) und dann das gleiche Bild mit einer leichten HDR-Bearbeitung aus Photoshop CS5.<\/p>\n<p><a href=\"http:\/\/anscharius.files.wordpress.com\/2011\/09\/dsc_0971.jpg\"><img loading=\"lazy\" decoding=\"async\" class=\"alignnone size-full wp-image-4721\" title=\"DSC_0971\" src=\"http:\/\/anscharius.files.wordpress.com\/2011\/09\/dsc_0971.jpg\" alt=\"\" width=\"590\" height=\"392\" \/><\/a><\/p>\n<p><a href=\"http:\/\/anscharius.files.wordpress.com\/2011\/09\/dsc_0971-hdr.jpg\"><img loading=\"lazy\" decoding=\"async\" class=\"alignnone size-full wp-image-4720\" title=\"DSC_0971-HDR\" src=\"http:\/\/anscharius.files.wordpress.com\/2011\/09\/dsc_0971-hdr.jpg\" alt=\"\" width=\"590\" height=\"392\" \/><\/a><\/p>\n<p>Beim n\u00e4chsten Bild habe ich meinem unbegrenzten Spieltrieb freien Lauf gelassen und das krasse Weitwinkel kurz angehaucht. Bevor die Frontlinse wieder trocken, war habe ich eine ganze Reihe fast identischer Bilder gemacht und hier eines, das mir gut gef\u00e4llt, f\u00fcr Euch ausgesucht. Das ist also kein &#8222;Gausscher Weichzeichner&#8220; aus Photoshop, das ist 100% ECHT!!<\/p>\n<p><a href=\"http:\/\/anscharius.files.wordpress.com\/2011\/09\/dsc_1001.jpg\"><img loading=\"lazy\" decoding=\"async\" class=\"alignnone size-full wp-image-4722\" title=\"DSC_1001\" src=\"http:\/\/anscharius.files.wordpress.com\/2011\/09\/dsc_1001.jpg\" alt=\"\" width=\"590\" height=\"392\" \/><\/a><\/p>\n<p>Nun ein Bild, dass ich ein wenig perspektivisch korrigiert habe. Die leichte tonnenf\u00f6rmige Verzeichnung der SAMYANG-Linse habe ich mit Photoshop CS5 Lens-Correction entfernt und die Perspektive etwas korrigiert.<\/p>\n<p><a href=\"http:\/\/anscharius.files.wordpress.com\/2011\/09\/dsc_1036-crop.jpg\"><img loading=\"lazy\" decoding=\"async\" class=\"alignnone size-full wp-image-4723\" title=\"DSC_1036-Crop\" src=\"http:\/\/anscharius.files.wordpress.com\/2011\/09\/dsc_1036-crop.jpg\" alt=\"\" width=\"590\" height=\"834\" \/><\/a><\/p>\n<p>Hier habe ich noch ein Bild, dass ich bei krassem Gegenlicht mit dem kleinen Nikon AF-S 3.5-4.5\/24-85mm und dem neuen B&amp;W K\u00e4semann Polfilter gemacht habe. Es ist ein RAW-Bild, das ich mit Photoshop CS5 konvertiert habe. Der Dynamik-Umfang der D700 ist wirklich gewaltig und jedem bequemen Knipser der mit der D700 nicht im RAW-Modus fotografiert m\u00fcsste man eigentlich den Hintern versohlen :-)<\/p>\n<p><a href=\"http:\/\/anscharius.files.wordpress.com\/2011\/09\/dsc_1067.jpg\"><img loading=\"lazy\" decoding=\"async\" class=\"alignnone size-full wp-image-4724\" title=\"DSC_1067\" src=\"http:\/\/anscharius.files.wordpress.com\/2011\/09\/dsc_1067.jpg\" alt=\"\" width=\"590\" height=\"392\" \/><\/a><\/p>\n<p>Hier noch ein JPG-Vorschaubild aus der D700. Es ist in der kleinsten Aufl\u00f6sung mit der st\u00e4rksten JPG-Komprimierung aufgezeichnet. Die &#8222;Original-Datei&#8220; hat ganze 336 KB und kann mit der Windows Bildanzeige oder dem Mac Vorschauprogramm blitzschnell ge\u00f6ffnet werden. Ich w\u00fcrde jedem Nutzer der D700 raten grunds\u00e4tzlich kleine JPG&#8217;s in Verbindung mit einem RAW aufzuzeichnen! Der Qualit\u00e4tsgewinn einer sauber konvertierten RAW-Datei ist im Vergleich zu einem &#8222;Out-Of-The-Cam-JPG&#8220; wirklich gewaltig!<\/p>\n<p><a href=\"http:\/\/anscharius.files.wordpress.com\/2011\/09\/dsc_1115.jpg\"><img loading=\"lazy\" decoding=\"async\" class=\"alignnone size-full wp-image-4725\" title=\"DSC_1115\" src=\"http:\/\/anscharius.files.wordpress.com\/2011\/09\/dsc_1115.jpg\" alt=\"\" width=\"590\" height=\"886\" \/><\/a><\/p>\n<p>Hier habe ich noch eine \u00dcbersicht meiner kleinen Tour. Aufgezeichnet mit einem HTC Desire HD und &#8222;My Tracks&#8220;.<\/p>\n<p><a href=\"http:\/\/anscharius.files.wordpress.com\/2011\/09\/rheinhessen-mit-gopro.jpg\"><img loading=\"lazy\" decoding=\"async\" class=\"alignnone size-full wp-image-4726\" title=\"rheinhessen-mit-gopro\" src=\"http:\/\/anscharius.files.wordpress.com\/2011\/09\/rheinhessen-mit-gopro.jpg\" alt=\"\" width=\"590\" height=\"650\" \/><\/a><\/p>\n<p>So, das war meine erste kleine Fotoreise mit der D700. Wenn es bis zum n\u00e4chsten USA-Trip die D800 nicht lieferbar sein sollte, werde ich die D700 zusammen mit der D300 in meinen Fotorucksack packen. Vielleicht h\u00e4tte ich mir diese Kamera schon zwei Jahre eher kaufen sollen :-)<\/p>\n","protected":false},"excerpt":{"rendered":"<p>&nbsp; Das Wetter ist wunderbar und ich bin um 18h startklar zu einer kleinen Tour durch das Rhein-Hessische. Im Gep\u00e4ck habe ich die neue Nikon D700, das Nikon AF-S 24-85mm, Nikon AF-D 1.4\/85mm, Nikon AF-S 1.4\/50mm, Nikon AF-S VR 2.8\/28-70mm, Nikon AiS 2.8\/35mm, SAMYANG MF 2.8\/14mm, HOLGA HL-N 8\/60mm, Lensbaby LBCF, LOREO LENS IN A [&hellip;]<\/p>\n","protected":false},"author":2,"featured_media":0,"comment_status":"open","ping_status":"open","sticky":false,"template":"","format":"standard","meta":{"jetpack_post_was_ever_published":false,"_jetpack_newsletter_access":"","_jetpack_dont_email_post_to_subs":false,"_jetpack_newsletter_tier_id":0,"_jetpack_memberships_contains_paywalled_content":false,"_jetpack_memberships_contains_paid_content":false,"footnotes":"","jetpack_publicize_message":"","jetpack_publicize_feature_enabled":true,"jetpack_social_post_already_shared":false,"jetpack_social_options":{"image_generator_settings":{"template":"highway","default_image_id":0,"enabled":false},"version":2}},"categories":[6,13,12],"tags":[55,27,191],"class_list":["post-4707","post","type-post","status-publish","format-standard","hentry","category-fotografie","category-nikon","category-photography","tag-nikon-d300","tag-nikon-d700","tag-testbilder"],"jetpack_publicize_connections":[],"jetpack_featured_media_url":"","jetpack_shortlink":"https:\/\/wp.me\/p2px01-1dV","jetpack_sharing_enabled":true,"_links":{"self":[{"href":"https:\/\/www.nikonhumors.com\/index.php?rest_route=\/wp\/v2\/posts\/4707","targetHints":{"allow":["GET"]}}],"collection":[{"href":"https:\/\/www.nikonhumors.com\/index.php?rest_route=\/wp\/v2\/posts"}],"about":[{"href":"https:\/\/www.nikonhumors.com\/index.php?rest_route=\/wp\/v2\/types\/post"}],"author":[{"embeddable":true,"href":"https:\/\/www.nikonhumors.com\/index.php?rest_route=\/wp\/v2\/users\/2"}],"replies":[{"embeddable":true,"href":"https:\/\/www.nikonhumors.com\/index.php?rest_route=%2Fwp%2Fv2%2Fcomments&post=4707"}],"version-history":[{"count":0,"href":"https:\/\/www.nikonhumors.com\/index.php?rest_route=\/wp\/v2\/posts\/4707\/revisions"}],"wp:attachment":[{"href":"https:\/\/www.nikonhumors.com\/index.php?rest_route=%2Fwp%2Fv2%2Fmedia&parent=4707"}],"wp:term":[{"taxonomy":"category","embeddable":true,"href":"https:\/\/www.nikonhumors.com\/index.php?rest_route=%2Fwp%2Fv2%2Fcategories&post=4707"},{"taxonomy":"post_tag","embeddable":true,"href":"https:\/\/www.nikonhumors.com\/index.php?rest_route=%2Fwp%2Fv2%2Ftags&post=4707"}],"curies":[{"name":"wp","href":"https:\/\/api.w.org\/{rel}","templated":true}]}}