{"id":4226,"date":"2011-07-27T18:52:16","date_gmt":"2011-07-27T17:52:16","guid":{"rendered":"http:\/\/anscharius.wordpress.com\/?p=4226"},"modified":"2011-07-27T18:52:16","modified_gmt":"2011-07-27T17:52:16","slug":"nikon-history-teil-2","status":"publish","type":"post","link":"https:\/\/www.nikonhumors.com\/?p=4226","title":{"rendered":"Nikon History &#8211; Teil 2"},"content":{"rendered":"<p>Vor etwa 14 Tagen habe ich euch meinen <a title=\"Hier klicken um diesen Artikel zu \u00f6ffnen\" href=\"http:\/\/anscharius.wordpress.com\/2011\/07\/12\/nikon-history-teil-1\" target=\"_blank\">ersten Teil von &#8222;Nikon History&#8220;<\/a> vorgestellt. Heute soll es um die Nikon F3 gehen.<\/p>\n<p>Ich kann mich noch ganz gut daran erinnern, wie ich im Jahr 2002 meinen ersten kurzen Projekteinsatz in Mainz hatte. Damals war ich noch als Berater bei der Hamburger Unternehmensberatung <span style=\"text-decoration:underline;\">Mummert + Partner<\/span>\u00a0angestellt. Das beste Hotel der Welt, das Quartier 65 hatte damals gerade neu er\u00f6ffnet und war nat\u00fcrlich prompt ausgebucht. Ich habe dann ein Zimmer in einer ziemlichen Absteige gegen\u00fcber des Mainzer\u00a0Bahnhofs bekommen. Da ich in Mainz noch absolut niemanden kannte, bin ich abends ein wenig spazieren gegangen und habe dabei das Ladenlokal\u00a0von Foto Oehling\u00a0in der N\u00e4he des Schillerplatzes\u00a0entdeckt. Zu dieser Zeit gab es gerade die ersten digitalen Spiegelreflex-Kameras und viele begeisterte Amateure mit prall gef\u00fcllten Portemonnaies haben ihre &#8222;analoge&#8220; Fotoausr\u00fcstung bei Foto Oehling\u00a0in Zahlung gegeben. Dementsprechend war das Schaufenster mit den gebrauchten Fotoger\u00e4ten\u00a0mehr als prall gef\u00fcllt. Heute ist davon nur noch ein Bruchteil \u00fcbrig. Da hat scheinbar ein Generationenwechsel\u00a0stattgefunden. Alle Leute die schon immer von einer analogen Profikamera\u00a0getr\u00e4umt haben, konnten sie sich nun leisten und so haben diese vielen sch\u00f6nen Dinge\u00a0dann die &#8222;Bev\u00f6lkerungsschicht&#8220; gewechselt. All die sch\u00f6nen Mittelformatkameras, Hasselblads, Canons, Nikons und was auch immer scheinen nun ein ruhiges Dasein in den Vitrinen der Sammler dieser Welt zu fristen.<\/p>\n<p>Sehr gut erinnere ich mich daran, wie mir damals eine Nikon F4s und ein krass gro\u00dfes Nikon Teleobjektiv ins Auge gestochen sind. W\u00e4hrend ich mir sicher l\u00e4nger als eine Stunde die Nase am Schaufenster platt gedr\u00fcckt habe, stand pl\u00f6tzlich ein anderer Fotofan\u00a0neben mir. Ich habe ihn erst gar nicht registriert, aber schlie\u00dflich sind wir doch ins Gespr\u00e4ch gekommen. Ich habe ihm von der F4 aus dem Schaufenster vorgeschw\u00e4rmt und er hat mir damals gesagt, dass er von der F4 nichts halten w\u00fcrde. Es g\u00e4be zu viele Exemplare die Probleme mit der Mechanik innerhalb des Spiegelkastens\u00a0h\u00e4tten und bei denen die Blende der Objektive nicht korrekt gesteuert w\u00fcrde. Ich habe damals erfahren, dass eine Nikon F4 eine Seriennummer haben sollte, die mit 24 beginnt. Bei diesen und sp\u00e4teren Modellen sei die Schwachstelle behoben.<\/p>\n<p>Dann begann er mit von den Vorz\u00fcgen der F3 vorzuschw\u00e4rmen. Er sei Mitglied eines Mainzer\u00a0Fotoclubs und w\u00fcrde seit langem eine F3 benutzen und das sei einfach die beste Nikon die jemals gebaut worden sei. Nun ja, auch heutiger Sicht w\u00fcrde ich das nicht unterschreiben, aber damals wurde mir klar. Wenn es irgendwann eine F4 geben w\u00fcrde, dann m\u00fcsste es auch irgendwann eine F3\u00a0geben. Unser Gesrp\u00e4ch wurde dann j\u00e4h von seiner Frau beendet. Die Schuhgesch\u00e4fte hatten mittlerweile ihre Pforten geschlossen und sie wollte heim.<\/p>\n<p>Das alles ist inzwischen rund 10 Jahre her und ich habe in der Zwischenzeit fast ein kleines Museum mit alten Nikons\u00a0angeh\u00e4uft. Jede einzelne Kamera ist mir ans Herz gewachsen, alle haben ihre St\u00e4rken\u00a0und Schw\u00e4chen und f\u00fcr mich ist jede Nikon etwas besonderes. Irgendwann\u00a0kamen dann noch eine\u00a0Praktica\u00a0Super TL2 und eine Minolta XD5 dazu. Das waren meine allerersten Kameras. Die Praktica\u00a0habe ich irgendwann verschenkt und meine XD-5 ist mir bei einem Wohnungseinbruch\u00a0gestohlen worden. Irgendwie wollte ich sie zur\u00fcck haben, auch wenn ich sie noch nie benutzt habe. So ist das eben wenn man an &#8222;Kollektivitis&#8220; leidet :-)<\/p>\n<p>Der Wahn ging so weit, dass ich im Jahr 2006 ganze 5 Exemplare der Nikon F4 hatte. Meiner damaligen Freundin konnte ich deren Nutzen irgendwann nicht mehr vermitteln und so musste ich einiges via eBay wieder verkaufen. Aber eine F4, eine F4s und eine F4e sind mir geblieben &#8211; Gott sei Dank!!!<\/p>\n<p>Hier m\u00f6chte ich euch\u00a0heute nun eine Nikon F3 vorstellen. Die Seriennummer ist leider nicht mehr zu erkennen und so kann ich nicht sagen wie alt sie wirklich ist. Aber sie funktioniert noch immer so perfekt wie am ersten Tag. Am Wochenende habe ich mit der Nikon D7000 dieses kleine Video aufgenommen und es gestern mitten in der Nacht mit iMovie\u00a0auf meinem MacBook zusammen geschnitten. An mehreren Stellen habe ich mich ziemlich verhaspelt und Dinge wie &#8222;Blendenzeit&#8220; gesagt. Auch wenn mir das ein wenig peinlich ist, so habe ich es doch nicht herausgeschnitten. Da mich seit l\u00e4ngerer Zeit ein heftiger Reizhusten plagt, musste ich mich an einigen Stellen wiederholen. Die Husterei\u00a0klang fast nach kleinen Explosionen. Das habe ich dann alles weggeschnitten, also nicht wundern wenn es zwischen durch ein wenig &#8222;ruckt&#8220;.<\/p>\n<p>Das Video ist trotzdem fast eine Stunde lang. Ich kann \u00fcber diese sch\u00f6nen alten Kameras einfach wirklich viel erz\u00e4hlen. Der Upload der fast 1,8GB gro\u00dfen Videodatei hat mehr als einen halben Tag gedauert. Wer mag und kann, sollte es sich in 720p anschauen, damit sich die M\u00fche auch gelohnt hat :-)<\/p>\n<p>Beim &#8222;Intro&#8220; habe ich mal ein Nikon AF-D 1.4\/85mm benutzt und die D7000 auf\u00a0 Blende 5,6 und ISO 320 eingestellt. Die damit bereits bei 720p erzielte Bildqualit\u00e4t finde ich schon ganz beachtlich. Und die D7000 k\u00f6nnte noch viel mehr!! Schade nur, dass YouTube\u00a0das sch\u00f6ne Video erneut komprimiert. Aber ich hoffe, dass es dennoch gut aussieht und es euch\u00a0beim Anschauen nicht langweilig wird :-)<\/p>\n<span class=\"embed-youtube\" style=\"text-align:center; display: block;\"><iframe loading=\"lazy\" class=\"youtube-player\" width=\"950\" height=\"535\" src=\"https:\/\/www.youtube.com\/embed\/xLKRjU8DsoQ?version=3&#038;rel=1&#038;showsearch=0&#038;showinfo=1&#038;iv_load_policy=1&#038;fs=1&#038;hl=de-DE&#038;autohide=2&#038;wmode=transparent\" allowfullscreen=\"true\" style=\"border:0;\" sandbox=\"allow-scripts allow-same-origin allow-popups allow-presentation allow-popups-to-escape-sandbox\"><\/iframe><\/span>\n<p>&nbsp;<\/p>\n<p>\u00dcber W\u00fcnsche und Anregungen f\u00fcr k\u00fcnftige &#8222;Nikon Specials&#8220; w\u00fcrde ich mich sehr freuen.<\/p>\n","protected":false},"excerpt":{"rendered":"<p>Vor etwa 14 Tagen habe ich euch meinen ersten Teil von &#8222;Nikon History&#8220; vorgestellt. Heute soll es um die Nikon F3 gehen. Ich kann mich noch ganz gut daran erinnern, wie ich im Jahr 2002 meinen ersten kurzen Projekteinsatz in Mainz hatte. Damals war ich noch als Berater bei der Hamburger Unternehmensberatung Mummert + Partner\u00a0angestellt. [&hellip;]<\/p>\n","protected":false},"author":2,"featured_media":0,"comment_status":"open","ping_status":"open","sticky":false,"template":"","format":"standard","meta":{"jetpack_post_was_ever_published":false,"_jetpack_newsletter_access":"","_jetpack_dont_email_post_to_subs":false,"_jetpack_newsletter_tier_id":0,"_jetpack_memberships_contains_paywalled_content":false,"_jetpack_memberships_contains_paid_content":false,"footnotes":"","jetpack_publicize_message":"","jetpack_publicize_feature_enabled":true,"jetpack_social_post_already_shared":false,"jetpack_social_options":{"image_generator_settings":{"template":"highway","default_image_id":0,"enabled":false},"version":2}},"categories":[6,13,12,18],"tags":[177],"class_list":["post-4226","post","type-post","status-publish","format-standard","hentry","category-fotografie","category-nikon","category-photography","category-uber-mich","tag-nikon-f3"],"jetpack_publicize_connections":[],"jetpack_featured_media_url":"","jetpack_shortlink":"https:\/\/wp.me\/p2px01-16a","jetpack_sharing_enabled":true,"_links":{"self":[{"href":"https:\/\/www.nikonhumors.com\/index.php?rest_route=\/wp\/v2\/posts\/4226","targetHints":{"allow":["GET"]}}],"collection":[{"href":"https:\/\/www.nikonhumors.com\/index.php?rest_route=\/wp\/v2\/posts"}],"about":[{"href":"https:\/\/www.nikonhumors.com\/index.php?rest_route=\/wp\/v2\/types\/post"}],"author":[{"embeddable":true,"href":"https:\/\/www.nikonhumors.com\/index.php?rest_route=\/wp\/v2\/users\/2"}],"replies":[{"embeddable":true,"href":"https:\/\/www.nikonhumors.com\/index.php?rest_route=%2Fwp%2Fv2%2Fcomments&post=4226"}],"version-history":[{"count":0,"href":"https:\/\/www.nikonhumors.com\/index.php?rest_route=\/wp\/v2\/posts\/4226\/revisions"}],"wp:attachment":[{"href":"https:\/\/www.nikonhumors.com\/index.php?rest_route=%2Fwp%2Fv2%2Fmedia&parent=4226"}],"wp:term":[{"taxonomy":"category","embeddable":true,"href":"https:\/\/www.nikonhumors.com\/index.php?rest_route=%2Fwp%2Fv2%2Fcategories&post=4226"},{"taxonomy":"post_tag","embeddable":true,"href":"https:\/\/www.nikonhumors.com\/index.php?rest_route=%2Fwp%2Fv2%2Ftags&post=4226"}],"curies":[{"name":"wp","href":"https:\/\/api.w.org\/{rel}","templated":true}]}}