{"id":3858,"date":"2011-05-22T19:22:16","date_gmt":"2011-05-22T18:22:16","guid":{"rendered":"http:\/\/anscharius.wordpress.com\/?p=3858"},"modified":"2011-05-22T19:22:16","modified_gmt":"2011-05-22T18:22:16","slug":"d7000-f8-500mm","status":"publish","type":"post","link":"https:\/\/www.nikonhumors.com\/?p=3858","title":{"rendered":"Die D7000 und das Reflex Nikkor F\/8 500mm"},"content":{"rendered":"<p>Vor einigen Jahren habe ich im Bonner Cityfotocenter ein praktisch neuwertiges 500mm Spiegeltele gekauft, das Reflex Nikkor F\/8 500mm.<\/p>\n<p><a href=\"http:\/\/anscharius.files.wordpress.com\/2011\/05\/dscn5270.jpg\"><img loading=\"lazy\" decoding=\"async\" class=\"alignnone size-full wp-image-3860\" title=\"DSCN5270\" src=\"http:\/\/anscharius.files.wordpress.com\/2011\/05\/dscn5270.jpg\" alt=\"\" width=\"590\" height=\"443\" \/><\/a><\/p>\n<p>Es ist ein \u00fcberaus krasses und zugleich ungew\u00f6hnliches Objektiv. Eine variable Blende gibt es nicht, es ist immer Blende 8. Ein paar Filter sind dabei, sie werden auf die R\u00fcckseite des Objektivs geschraubt. Will man als bspw. einen Gelbfilter montieren, so muss man das Objektiv von er Kamera nehmen. Die Naheinstellgrenze liegt bei etwa 1,5 Metern, so dass Nahaufnahmen mit krassester Hintergrundunsch\u00e4rfe und enorm gro\u00dfem Ma\u00dfstab m\u00f6glich sind. Das Bokeh dieses Objektives ist sehr interessant. Bedingt durch die Konstruktion werden kleine helle Bildbereiche im Bokeh als Kreise dargestellt. Das sieht speziell bei Nachtaufnahmen wirklich witzig aus. An der D7000 entspricht es einem 750mm Teleobjektiv!<\/p>\n<p>Gebaut wurde dieses &#8222;Ding&#8220; in verschiedenen Varianten bis etwa 2002.<\/p>\n<p><a title=\"Klicken, Lesen, Staunen...\" href=\"http:\/\/www.mir.com.my\/rb\/photography\/companies\/nikon\/nikkoresources\/reflex\/500mm.htm\" target=\"_blank\">Hier<\/a> gibt es viele interessante Infos rund um dieses ungew\u00f6hnliche Objektiv.<\/p>\n<p>Aber wie schl\u00e4gt sich dieser Dinosaurier an der nagelneuen D7000? Besonders hat mich da zun\u00e4chst interessiert wie es wohl aussieht wenn man mit diesem Objektiv eine kurze Videosequenz erstellt.<\/p>\n<p>Hier ist mein allererster Test, seht selbst&#8230;<\/p>\n<p><span class=\"embed-youtube\" style=\"text-align:center; display: block;\"><iframe loading=\"lazy\" class=\"youtube-player\" width=\"950\" height=\"535\" src=\"https:\/\/www.youtube.com\/embed\/tmfxiZ0ywfc?version=3&#038;rel=1&#038;showsearch=0&#038;showinfo=1&#038;iv_load_policy=1&#038;fs=1&#038;hl=de-DE&#038;autohide=2&#038;wmode=transparent\" allowfullscreen=\"true\" style=\"border:0;\" sandbox=\"allow-scripts allow-same-origin allow-popups allow-presentation allow-popups-to-escape-sandbox\"><\/iframe><\/span><br \/>\n<br \/><\/br><br \/>\nDamit Ihr eine Idee davon bekommt, wie stark die Vergr\u00f6\u00dferung ist die man mit diesem Objektiv erzielen kann, habe ich hier noch ein Foto, das ich vor zwei Jahren vom gleichen Standpunkt aus mit einem leichten Weitwinkel gemacht habe.<\/p>\n<p><a href=\"http:\/\/anscharius.files.wordpress.com\/2011\/05\/museumsmeile.jpg\"><img loading=\"lazy\" decoding=\"async\" class=\"alignnone size-full wp-image-3864\" title=\"Museumsmeile\" src=\"http:\/\/anscharius.files.wordpress.com\/2011\/05\/museumsmeile.jpg\" alt=\"\" width=\"590\" height=\"391\" \/><\/a><\/p>\n","protected":false},"excerpt":{"rendered":"<p>Vor einigen Jahren habe ich im Bonner Cityfotocenter ein praktisch neuwertiges 500mm Spiegeltele gekauft, das Reflex Nikkor F\/8 500mm. Es ist ein \u00fcberaus krasses und zugleich ungew\u00f6hnliches Objektiv. Eine variable Blende gibt es nicht, es ist immer Blende 8. Ein paar Filter sind dabei, sie werden auf die R\u00fcckseite des Objektivs geschraubt. Will man als [&hellip;]<\/p>\n","protected":false},"author":2,"featured_media":0,"comment_status":"open","ping_status":"open","sticky":false,"template":"","format":"standard","meta":{"jetpack_post_was_ever_published":false,"_jetpack_newsletter_access":"","_jetpack_dont_email_post_to_subs":false,"_jetpack_newsletter_tier_id":0,"_jetpack_memberships_contains_paywalled_content":false,"_jetpack_memberships_contains_paid_content":false,"footnotes":"","jetpack_publicize_message":"","jetpack_publicize_feature_enabled":true,"jetpack_social_post_already_shared":false,"jetpack_social_options":{"image_generator_settings":{"template":"highway","default_image_id":0,"enabled":false},"version":2}},"categories":[6,13],"tags":[171],"class_list":["post-3858","post","type-post","status-publish","format-standard","hentry","category-fotografie","category-nikon","tag-d7000"],"jetpack_publicize_connections":[],"jetpack_featured_media_url":"","jetpack_shortlink":"https:\/\/wp.me\/p2px01-10e","jetpack_sharing_enabled":true,"_links":{"self":[{"href":"https:\/\/www.nikonhumors.com\/index.php?rest_route=\/wp\/v2\/posts\/3858","targetHints":{"allow":["GET"]}}],"collection":[{"href":"https:\/\/www.nikonhumors.com\/index.php?rest_route=\/wp\/v2\/posts"}],"about":[{"href":"https:\/\/www.nikonhumors.com\/index.php?rest_route=\/wp\/v2\/types\/post"}],"author":[{"embeddable":true,"href":"https:\/\/www.nikonhumors.com\/index.php?rest_route=\/wp\/v2\/users\/2"}],"replies":[{"embeddable":true,"href":"https:\/\/www.nikonhumors.com\/index.php?rest_route=%2Fwp%2Fv2%2Fcomments&post=3858"}],"version-history":[{"count":0,"href":"https:\/\/www.nikonhumors.com\/index.php?rest_route=\/wp\/v2\/posts\/3858\/revisions"}],"wp:attachment":[{"href":"https:\/\/www.nikonhumors.com\/index.php?rest_route=%2Fwp%2Fv2%2Fmedia&parent=3858"}],"wp:term":[{"taxonomy":"category","embeddable":true,"href":"https:\/\/www.nikonhumors.com\/index.php?rest_route=%2Fwp%2Fv2%2Fcategories&post=3858"},{"taxonomy":"post_tag","embeddable":true,"href":"https:\/\/www.nikonhumors.com\/index.php?rest_route=%2Fwp%2Fv2%2Ftags&post=3858"}],"curies":[{"name":"wp","href":"https:\/\/api.w.org\/{rel}","templated":true}]}}