{"id":3801,"date":"2011-05-20T16:29:30","date_gmt":"2011-05-20T15:29:30","guid":{"rendered":"http:\/\/anscharius.wordpress.com\/?p=3801"},"modified":"2011-05-20T16:29:30","modified_gmt":"2011-05-20T15:29:30","slug":"objektivreparatur","status":"publish","type":"post","link":"https:\/\/www.nikonhumors.com\/?p=3801","title":{"rendered":"Objektivreparatur"},"content":{"rendered":"<p>Im Februar 2010 habe ich mir im Vorfeld der langen USA-Reise ein Nikon AF-S VR 18-200mm Objektiv gekauft. Ziel der \u00dcbung war es, bei langen Wanderungen mit weniger Gewicht unterwegs zu sein. Irgendwie kam dann alles anders. Gro\u00dfartig weit sind wir nicht gewandert und als Sandra das Objektiv erst einmal an ihrer Kamera hatte, war die Liebe schnell so gro\u00df, dass sie es nicht mehr hergeben wollte.<\/p>\n<p>Nach vielen tausend Kilometern auf amerikanischen Stra\u00dfen, nach Sandst\u00fcrmen, Schnee und Regen traten dann vor einigen Wochen w\u00e4hrend der Reise durch Kalifornien die ersten Probleme auf. Ist das Objektiv voll auf 200mm ausgefahren, l\u00f6st Sandras Kamera nicht mehr aus. Der Autofokus braucht Kontraste, so funktioniert das Prinzip. Zuerst kommt mir in den Kopf, dass Sandra einfach nur auf etwas fokussieren muss, was die Kontraste bietet die das Autofokussystem braucht. Aber das ist es nicht. Als ich es dann mal an meiner D300 versuche, stellt das Objektiv bis etwa 135mm scharf. Bei 200mm funktioniert die Fokussierung f\u00fcr Objekte die etwa 20 Meter entfernt sind. Alles was weiter weg ist bleibt unscharf.<\/p>\n<p>Es ist also eine Reparatur f\u00e4llig. Aber wo ist der Kassenzettel? Mir kommt in den Sinn, wie wir vor zwei Jahren mit mehreren Arbeitskollegen beim MediaMarkt in Mainz unsere fast neue &#8222;Projekt-Kaffeemaschine&#8220; OHNE Kassenzettel zur Reparatur gegeben haben. Damals hat Tobias im Web recherchiert und herausgefunden, dass nach g\u00fcltiger Rechtslage der Kunde NICHT verpflichtet ist einen Kassenzettel vorzulegen. Vielmehr muss der VERK\u00c4UFER in seinem Warenwirtschaftssystem hinterlegt haben, wann das Ger\u00e4t zu welchem Preis verkauft wurde. In diesem Fall ist es also wirklich vorteilhaft, wenn man bspw. beim MediaMarkt mit Namen und Adresse registriert ist. Dann hat man quasi ein &#8222;Kundenkonto&#8220; und da steht dann immer sch\u00f6n alles drin. Wer also k\u00fcnftig ein Ger\u00e4t kauft das ein wenig teurer ist, sollte sich ruhig von einem der Mitarbeiter eine ordentliche Rechnung mit voller Adresse ausstellen lassen. Es verbleibt eine elektronische Kopie beim Verk\u00e4ufer und somit ist es ok, wenn der Kassenzettel irgendwann in einem Ordner beim Steuerberater oder sonst wo verschwunden bleibt.<\/p>\n<p>Beim Fotoh\u00e4ndler meine Vertrauens, dem Bonner Cityfoto-Center (<a title=\"Hier geht es zu diesem Fotoladen\" href=\"http:\/\/www.cityfotobonn.de\" target=\"_blank\">www.cityfotobonn.de<\/a>), ist das aber alles ein wenig anders! Ich werde mit Handschlag begr\u00fc\u00dft und der Chef ruft zu seinem Mitarbeiter r\u00fcber &#8222;Hey, unser Umsatzbringer ist endlich mal wieder da!&#8220; Kurzum, unser Verh\u00e4ltnis ist offen und ehrlich. Ich bekomme gute Preise und bestelle in der Regel nicht bei amazon &amp; Co. Bei der P7000 habe ich mal eine Ausnahme gemacht und die ist nun auch prompt ein Fall f\u00fcr eine Garantiereparatur. Das mit dem defekten Zoom-Objektiv ist alles ganz einfach. Ich habe noch den Karton, der Garantiezettel usw. ist auch noch drin. Es wird schnell ein Reparaturschein geschrieben und schon sind wir fertig.<\/p>\n<p>Anschlie\u00dfend beichte ich, dass ich mit der P7000 bei amazon fremd gegangen bin&#8230; &#8222;Na, dann fragen sie mal den Herrn amazon ob er die Kamera zur\u00fcck nimmt &#8211; Haha &#8211; Nee im Ernst, ist gar kein Problem, einfach vorbeibringen, wir berechnen 60 Euro Porto!&#8220; &#8222;Was, 60 Euro Porto!!!?!?!&#8220; &#8222;Ach komm, Spa\u00df muss sein, es sind nat\u00fcrlich keine 60 Euro!&#8220; Ich bin erleichtert! Die P7000 bringe ich dann in den n\u00e4chsten Tagen mal zur Reparatur&#8230;<\/p>\n<p>Wir plauschen ein wenig und Herr Severin erz\u00e4hlt, dass es in den n\u00e4chsten Tagen eng werden wird. Durch das Erdbeben in Japan haben alle relevanten Hersteller gro\u00dfe Probleme neue Kameras zu fertigen. Teilweise liegt es nur an einzelnen Bauteilen die von einem Zulieferbetrieb kommen. Bislang hat die Welt noch nicht viel davon gemerkt, aber nun sind die Vorr\u00e4te weltweit abverkauft. Jeder Container mit neuer Ware der nun aus Japan kommt wird in den H\u00e4fen in Rotterdam, Hamburg usw. mit einem Geigerz\u00e4hler penibel gepr\u00fcft. Es sind schon Lieferungen zur\u00fcck gegangen. Japan steht vor der Krise nach der Krise. Es hat nicht nur die Autoindustrie getroffen, es sind nahezu alle Hersteller beliebiger Konsumg\u00fcter betroffen.<\/p>\n<p>Auf der Webseite von <a title=\"Hier geht es zum Artikel\" href=\"http:\/\/www.fotointern.ch\/archiv\/2011\/03\/14\/erdbeben-und-tsunami-in-japan-wie-stark-sind-die-fotofirmen-betroffen\" target=\"_blank\">fotointern.ch<\/a>\u00a0kann man nachlesen, wie krass es die gesamte Fotoindustrie getroffen hat, es ist schreckend.<\/p>\n<p>Und es sind nicht nur Produkte betroffen die es schon &#8222;gab&#8220;. Es sind auch Produkte betroffen die sich noch in der Entwicklung befinden. Ich habe Berichte gelesen in denen Experten davon ausgehen, dass sich beispielsweise die Vorstellung der neuen Nikon D4 um ein halbes Jahr und ggf. auch l\u00e4nger verz\u00f6gern k\u00f6nnte.<\/p>\n<p>Harte Zeiten f\u00fcr Fotoh\u00e4ndler! Aber vielleicht besinnen sich ja einzelne Besitzer v\u00f6llig veralteter Kameras mal wieder dieser Ger\u00e4te und kaufen ein paar Filme &#8211; wer wei\u00df?? Allerdings kommen die ja auch zum gr\u00f6\u00dften Teil aus Japan&#8230;<\/p>\n<p>Im Bonner Cityfoto-Center sind dementsprechend die Vorr\u00e4te auch weitgehend ersch\u00f6pft. Aber es gibt noch eine D7000. Eigentlich w\u00fcrde ich ja gern den Nachfolger der D300 kaufen oder das was Nikon an die Stelle der D700 setzen wird. Oder vielleicht auch eine D4, aber ob die in diesem Jahr noch kommen, ist angesichts der Sch\u00e4den durch das verheerende Erdbeben ungewiss.<\/p>\n<p><a href=\"http:\/\/anscharius.files.wordpress.com\/2011\/05\/d7000_16_85_front34r_rgb.jpg\"><img loading=\"lazy\" decoding=\"async\" class=\"alignnone size-full wp-image-3805\" title=\"D7000_16_85_front34r_rgb\" src=\"http:\/\/anscharius.files.wordpress.com\/2011\/05\/d7000_16_85_front34r_rgb.jpg\" alt=\"\" width=\"590\" height=\"448\" \/><\/a><\/p>\n<p><a href=\"http:\/\/anscharius.files.wordpress.com\/2011\/05\/af-s-dx-nikkor-16-85mm-3_5-5_6g-ed-vr_1.jpg\"><img loading=\"lazy\" decoding=\"async\" class=\"alignnone size-full wp-image-3806\" title=\"AF-S DX NIKKOR 16-85mm 3_5-5_6G ED VR_1\" src=\"http:\/\/anscharius.files.wordpress.com\/2011\/05\/af-s-dx-nikkor-16-85mm-3_5-5_6g-ed-vr_1.jpg\" alt=\"\" width=\"590\" height=\"786\" \/><\/a><\/p>\n<p><a href=\"http:\/\/anscharius.files.wordpress.com\/2011\/05\/14mm_28.jpg\"><img loading=\"lazy\" decoding=\"async\" class=\"alignnone size-full wp-image-3808\" title=\"14mm_28\" src=\"http:\/\/anscharius.files.wordpress.com\/2011\/05\/14mm_28.jpg\" alt=\"\" width=\"590\" height=\"523\" \/><\/a><\/p>\n<p>Also kungeln wir ein wenig herum. Letztlich verlasse ich den Laden mit einer D7000, einem AF-S VR 16-85mm und einem MF 2.8\/14mm aus China. Diese Dinger werden unter dem Label Walimex von Foto Walser seit einiger Zeit via eBay vertrieben. Als ich es in der Hand habe wird mir klar, das Ding ist toll gemacht, sehr robust und kommt sicher sehr gut an einer &#8222;Vollformat-Kamera&#8220;. Das Ding reizt mich sehr und ich habe noch den ganzen K\u00fchlschrank voller Filme. Also her damit&#8230;<\/p>\n<p>Sobald die D7000 ausgepackt ist, werde ich mal ein paar Testbilder liefern. Gut, dass ich ein ISO 12233 Testchart habe :-)<\/p>\n","protected":false},"excerpt":{"rendered":"<p>Im Februar 2010 habe ich mir im Vorfeld der langen USA-Reise ein Nikon AF-S VR 18-200mm Objektiv gekauft. Ziel der \u00dcbung war es, bei langen Wanderungen mit weniger Gewicht unterwegs zu sein. Irgendwie kam dann alles anders. Gro\u00dfartig weit sind wir nicht gewandert und als Sandra das Objektiv erst einmal an ihrer Kamera hatte, war [&hellip;]<\/p>\n","protected":false},"author":2,"featured_media":0,"comment_status":"open","ping_status":"open","sticky":false,"template":"","format":"standard","meta":{"jetpack_post_was_ever_published":false,"_jetpack_newsletter_access":"","_jetpack_dont_email_post_to_subs":false,"_jetpack_newsletter_tier_id":0,"_jetpack_memberships_contains_paywalled_content":false,"_jetpack_memberships_contains_paid_content":false,"footnotes":"","jetpack_publicize_message":"","jetpack_publicize_feature_enabled":true,"jetpack_social_post_already_shared":false,"jetpack_social_options":{"image_generator_settings":{"template":"highway","default_image_id":0,"enabled":false},"version":2}},"categories":[6,13,18],"tags":[171],"class_list":["post-3801","post","type-post","status-publish","format-standard","hentry","category-fotografie","category-nikon","category-uber-mich","tag-d7000"],"jetpack_publicize_connections":[],"jetpack_featured_media_url":"","jetpack_shortlink":"https:\/\/wp.me\/p2px01-Zj","jetpack_sharing_enabled":true,"_links":{"self":[{"href":"https:\/\/www.nikonhumors.com\/index.php?rest_route=\/wp\/v2\/posts\/3801","targetHints":{"allow":["GET"]}}],"collection":[{"href":"https:\/\/www.nikonhumors.com\/index.php?rest_route=\/wp\/v2\/posts"}],"about":[{"href":"https:\/\/www.nikonhumors.com\/index.php?rest_route=\/wp\/v2\/types\/post"}],"author":[{"embeddable":true,"href":"https:\/\/www.nikonhumors.com\/index.php?rest_route=\/wp\/v2\/users\/2"}],"replies":[{"embeddable":true,"href":"https:\/\/www.nikonhumors.com\/index.php?rest_route=%2Fwp%2Fv2%2Fcomments&post=3801"}],"version-history":[{"count":0,"href":"https:\/\/www.nikonhumors.com\/index.php?rest_route=\/wp\/v2\/posts\/3801\/revisions"}],"wp:attachment":[{"href":"https:\/\/www.nikonhumors.com\/index.php?rest_route=%2Fwp%2Fv2%2Fmedia&parent=3801"}],"wp:term":[{"taxonomy":"category","embeddable":true,"href":"https:\/\/www.nikonhumors.com\/index.php?rest_route=%2Fwp%2Fv2%2Fcategories&post=3801"},{"taxonomy":"post_tag","embeddable":true,"href":"https:\/\/www.nikonhumors.com\/index.php?rest_route=%2Fwp%2Fv2%2Ftags&post=3801"}],"curies":[{"name":"wp","href":"https:\/\/api.w.org\/{rel}","templated":true}]}}