{"id":2193,"date":"2011-02-11T15:39:59","date_gmt":"2011-02-11T14:39:59","guid":{"rendered":"http:\/\/anscharius.wordpress.com\/?p=2193"},"modified":"2011-02-11T15:39:59","modified_gmt":"2011-02-11T14:39:59","slug":"testbilder-mit-der-nikon-p7000","status":"publish","type":"post","link":"https:\/\/www.nikonhumors.com\/?p=2193","title":{"rendered":"Testbilder mit der Nikon P7000"},"content":{"rendered":"<p>Es ist Freitag und ich kann endlich mal wieder in meinem eigenen Bett ausschlafen &#8211; was f\u00fcr ein Luxus. W\u00e4hrend ich im Bad die Z\u00e4hne putze denke ich an all die n\u00f6rgelnden unzufriedenen Kinder dieser Welt die gar nicht wissen wie gut sie es haben. Sie werden von der Mama geweckt, m\u00fcssen keine W\u00e4sche waschen, kriegen ein Fr\u00fchst\u00fcck gemacht und werden dann noch mit Papas X5 zur Grundschule gefahren damit sie sich keine Erk\u00e4ltung einfangen.<\/p>\n<p>Ok, nicht allen Kindern geht es so gut! Aber die denen es so gut geht wissen es in der Regel nicht zu sch\u00e4tzen.\u00a0Welche Mutter und welcher Vater haben sich nicht schon die Haare gerauft weil der Nachwuchs egal wie immer unzufrieden war? W\u00e4hrend die Zahnb\u00fcrste in den Becher wandert kommt mir die Idee mal zu versuchen wie sich die neuen NIKON P7000 auf dem Gebiet der &#8222;eBay-orientierten Produktfotografie&#8220; schl\u00e4gt.<\/p>\n<p>Also vier frische geladene Batterien in das Nikon SB-900 stecken\u00a0und dann mal sehen was geht. Auf dem Weg ins Wohnzimmer stolpere ich \u00fcber den neuen Koffer. Ok, erst einmal wird der Koffer ausgepackt, es ist ne Menge W\u00e4sche drin die reif f\u00fcr die Waschmaschine ist. Eine Weile danach l\u00e4uft die Waschmaschine vor sich hin und ich habe das Manfrotto 190CLB samt FLM Centerball 38 FT in der Hand. Das Ding ist schwer und ich habe jetzt einen gr\u00f6\u00dferen Koffer. Also k\u00f6nnte ich den Kugelkopf an ein gr\u00f6\u00dferes und leichteres Carbonstativ montieren. Die Suche nach einem geeigneten Schraubendreher f\u00f6rdert l\u00e4ngt verloren geglaubte Dinge ans Tageslicht. Wenn ich doch mal ein paar Tage am St\u00fcck daheim sein k\u00f6nnte, irgendwann w\u00e4ren auch alle Kartons mal ausgepackt&#8230; Aber es hat auch was gutes, ich finde drei Ladeger\u00e4te f\u00fcr Mignonzellen und einen fast neuen Schraubendreher.<\/p>\n<p>Die Operation gestaltet sich schwieriger als gedacht. Der Kugelkopf ist nicht nur von unten mit drei Madenschrauben fixiert, nein er ist auch mit viel Draft an die Mittels\u00e4ule des Stativs geschraubt. Ich ziehe die Panorama-Stellschraube so fest es geht und versuche den Kugelkopf abzuschrauben. Es r\u00fchrt sich einfach gar nichts. F\u00fcr Aussenstehende w\u00e4re es ein lustiges Bild wie ich da im Wohnzimmer mit dem Stativ ringe. Aber schlie\u00dflich hat es verloren und ich kann den Kugelkopf auf das deutliche leichtere BENRO Carbonstativ montieren. Dieses Stativ hatte ich mir im Januar 2009 kurz vor dem Abflug in die USA bei Foto Oehling in Mainz gekauft. Es hat schon die Wave und viele andere sch\u00f6ne Orte gesehen. Nur eines hatte ich beim Kauf damals nicht bedacht &#8211; meinen Koffer! Daher musste ich das damals alles zerlegen und einzeln transportieren. In diesem Jahr kann ich es gebrauchsfertig in den Koffer packen. Am 27. Februar k\u00f6nnte ich knapp unterhalb des Zabriskie-Point kurz in den Koffer greifen und mich dann zur Horde der Abendlichts\u00fcchtigen dazu gesellen &#8211; mal sehen &#8211; ich werde berichten :-)<\/p>\n<p>Ok, eigentlich geht es hier um die Testbilder die ich heute mit der neuen P7000 gemacht habe.<\/p>\n<p>Hier habe ich vier Bilder ausgesucht. Die P7000 kann ihre Bilder im RAW-Modus auf der Speicherkarte ablegen. Wer will kann wie bei den gro\u00dfen Schwestern zus\u00e4tzlich ein JPG speichern. Die RAW-Bilder habe ich mit Nikon Capture 2.2.6 ge\u00f6ffnet und die Ausrichtung korrigiert. Da ich die Bilder wie durchschnittliche &#8222;eBayer &#8222;machen wollte, habe ich nat\u00fcrlich KEIN Stativ benutzt. Das SB-900 Blitzlicht habe ich einfach nach oben gegen die wei\u00dfe Decke gerichtet. Das war es dann auch schon. Von Nikon Capture aus habe ich die Bilder dann als 16-Bit TIFF gespeichert und danach mit Photoshop ein bisschen die &#8222;Linsen geputzt&#8220;. Dann als JPG gespeichert und hier hochgeladen. Klingt doch ganz einfach, oder?<\/p>\n<p>Wer auf die kleinen Vorschaubilder klickt kann sich die gro\u00dfen &#8222;Originale&#8220; anschauen. Ich muss sagen, ich bin vom Detailreichtum, dem Rauschverhalten bei ISO-200 und der Sch\u00e4rfe der Bilder durchaus \u00fcberrascht. Sie sehen fast aus als w\u00e4ren sie mit einer deutlich teureren Spiegelreflex gemacht worden &#8211; RESPEKT!<\/p>\n<p>Aber urteilt selbst &#8211; und hinterlasst vielleicht einen kurzen Kommentar :-)<\/p>\n<p><a href=\"http:\/\/anscharius.files.wordpress.com\/2011\/02\/dscn0952.jpg\"><img loading=\"lazy\" decoding=\"async\" class=\"alignnone size-full wp-image-2195\" title=\"DSCN0952\" src=\"http:\/\/anscharius.files.wordpress.com\/2011\/02\/dscn0952.jpg\" alt=\"\" width=\"590\" height=\"442\" \/><\/a><\/p>\n<p><a href=\"http:\/\/anscharius.files.wordpress.com\/2011\/02\/dscn0958.jpg\"><img loading=\"lazy\" decoding=\"async\" class=\"alignnone size-full wp-image-2197\" title=\"DSCN0958\" src=\"http:\/\/anscharius.files.wordpress.com\/2011\/02\/dscn0958.jpg\" alt=\"\" width=\"590\" height=\"442\" \/><\/a><\/p>\n<p><a href=\"http:\/\/anscharius.files.wordpress.com\/2011\/02\/dscn0961.jpg\"><img loading=\"lazy\" decoding=\"async\" class=\"alignnone size-full wp-image-2198\" title=\"DSCN0961\" src=\"http:\/\/anscharius.files.wordpress.com\/2011\/02\/dscn0961.jpg\" alt=\"\" width=\"590\" height=\"442\" \/><\/a><\/p>\n<p><a href=\"http:\/\/anscharius.files.wordpress.com\/2011\/02\/dscn0953.jpg\"><img loading=\"lazy\" decoding=\"async\" class=\"alignnone size-full wp-image-2196\" title=\"DSCN0953\" src=\"http:\/\/anscharius.files.wordpress.com\/2011\/02\/dscn0953.jpg\" alt=\"\" width=\"590\" height=\"448\" \/><\/a><\/p>\n<p>Das Wetter ist fies, ich will gar nicht so recht vor die T\u00fcre. Aber ein kurzer Blick aus dem Fenstere inspiriert mich dann doch zu einem kleinen Panorama-Experiment.<\/p>\n<p>Der Panorama-Assistent der P7000 ist \u00fcber die verschiedenen &#8222;Szenen&#8220; verf\u00fcgbar. RAW-Bilder kann man da leider keine machen, aber daf\u00fcr bekommt man ein wirklich brauchbare Unterst\u00fctzung im Display angeboten. \u00dcber die in das Multifuktionsrad auf der R\u00fcckseite integrierte Wippe kann man vorgeben in welche Richtung man ein Panorama fotografieren m\u00f6chte. Nach dem ersten Bild wird dann zum Beispiel der rechte Teil ganz links im Display angezeigt. Diese Hilfe ist transparent und man kann so sehr sch\u00f6n das n\u00e4chste Foto korrekt ankn\u00fcpfen.<\/p>\n<p>Hier ist mein erstes\u00a0P7000 Freihand-Panorama mit 21-MPix:<\/p>\n<p><a href=\"http:\/\/anscharius.files.wordpress.com\/2011\/02\/p7000-21mpix.jpg\"><img loading=\"lazy\" decoding=\"async\" class=\"alignnone size-full wp-image-2202\" title=\"Stitched Panorama\" src=\"http:\/\/anscharius.files.wordpress.com\/2011\/02\/p7000-21mpix.jpg\" alt=\"\" width=\"590\" height=\"314\" \/><\/a><\/p>\n","protected":false},"excerpt":{"rendered":"<p>Es ist Freitag und ich kann endlich mal wieder in meinem eigenen Bett ausschlafen &#8211; was f\u00fcr ein Luxus. W\u00e4hrend ich im Bad die Z\u00e4hne putze denke ich an all die n\u00f6rgelnden unzufriedenen Kinder dieser Welt die gar nicht wissen wie gut sie es haben. Sie werden von der Mama geweckt, m\u00fcssen keine W\u00e4sche waschen, [&hellip;]<\/p>\n","protected":false},"author":2,"featured_media":0,"comment_status":"open","ping_status":"open","sticky":false,"template":"","format":"standard","meta":{"jetpack_post_was_ever_published":false,"_jetpack_newsletter_access":"","_jetpack_dont_email_post_to_subs":false,"_jetpack_newsletter_tier_id":0,"_jetpack_memberships_contains_paywalled_content":false,"_jetpack_memberships_contains_paid_content":false,"footnotes":"","jetpack_publicize_message":"","jetpack_publicize_feature_enabled":true,"jetpack_social_post_already_shared":false,"jetpack_social_options":{"image_generator_settings":{"template":"highway","default_image_id":0,"enabled":false},"version":2}},"categories":[44,6,13,18],"tags":[34],"class_list":["post-2193","post","type-post","status-publish","format-standard","hentry","category-dies-das","category-fotografie","category-nikon","category-uber-mich","tag-nikon-p7000"],"jetpack_publicize_connections":[],"jetpack_featured_media_url":"","jetpack_shortlink":"https:\/\/wp.me\/p2px01-zn","jetpack_sharing_enabled":true,"_links":{"self":[{"href":"https:\/\/www.nikonhumors.com\/index.php?rest_route=\/wp\/v2\/posts\/2193","targetHints":{"allow":["GET"]}}],"collection":[{"href":"https:\/\/www.nikonhumors.com\/index.php?rest_route=\/wp\/v2\/posts"}],"about":[{"href":"https:\/\/www.nikonhumors.com\/index.php?rest_route=\/wp\/v2\/types\/post"}],"author":[{"embeddable":true,"href":"https:\/\/www.nikonhumors.com\/index.php?rest_route=\/wp\/v2\/users\/2"}],"replies":[{"embeddable":true,"href":"https:\/\/www.nikonhumors.com\/index.php?rest_route=%2Fwp%2Fv2%2Fcomments&post=2193"}],"version-history":[{"count":0,"href":"https:\/\/www.nikonhumors.com\/index.php?rest_route=\/wp\/v2\/posts\/2193\/revisions"}],"wp:attachment":[{"href":"https:\/\/www.nikonhumors.com\/index.php?rest_route=%2Fwp%2Fv2%2Fmedia&parent=2193"}],"wp:term":[{"taxonomy":"category","embeddable":true,"href":"https:\/\/www.nikonhumors.com\/index.php?rest_route=%2Fwp%2Fv2%2Fcategories&post=2193"},{"taxonomy":"post_tag","embeddable":true,"href":"https:\/\/www.nikonhumors.com\/index.php?rest_route=%2Fwp%2Fv2%2Ftags&post=2193"}],"curies":[{"name":"wp","href":"https:\/\/api.w.org\/{rel}","templated":true}]}}