{"id":1635,"date":"2010-12-29T10:01:54","date_gmt":"2010-12-29T10:01:54","guid":{"rendered":"https:\/\/anscharius.wordpress.com\/2010\/12\/29\/di-mi-do-fr-sa-so\/"},"modified":"2010-12-29T10:01:54","modified_gmt":"2010-12-29T10:01:54","slug":"di-mi-do-fr-sa-so","status":"publish","type":"post","link":"https:\/\/www.nikonhumors.com\/?p=1635","title":{"rendered":"Di Mi Do Fr Sa So"},"content":{"rendered":"<p>Es ist Dienstag, es ist der 28. Dezember und es scheint die Sonne! Am Mittwoch geht es mit Wolfgang an der westlichen Seite des Pico del Teide hoch zu einem kleinen Vulkankrater. Eine einfache Wanderung, 300 H\u00f6henmeter sind es laut der topografischen Karte. <\/p>\n<p>Die Karte kommt von cloudmadetopo.com und kann kostenlos beispielsweise mit GAIA GPS auf dem iPad, iPhone oder einem Android Telefon \u2013 sorry DEVICE \u2013 geladen werden. Ganz Teneriffa ist in der h\u00f6chsten Detailstufe allerdings etwa 1.6 GB gro\u00df und daher kann man die Karte via Handy nur in kleineren Portionen herunterladen. Man sollte also einen vern\u00fcnftigen Internetzugang haben, dann kann man bevor man eine Wanderung plant das zum Areal passende Kartenmaterial herunter laden.<\/p>\n<p>Das sieht dann auf dem iPad etwa so aus:<\/p>\n<p><a href=\"http:\/\/anscharius.files.wordpress.com\/2010\/12\/img_0063.png\"><img loading=\"lazy\" decoding=\"async\" style=\"background-image:none;padding-left:0;padding-right:0;display:inline;padding-top:0;border-width:0;\" title=\"IMG_0063\" border=\"0\" alt=\"IMG_0063\" src=\"http:\/\/anscharius.files.wordpress.com\/2010\/12\/img_0063_thumb.png\" width=\"550\" height=\"412\" \/><\/a><\/p>\n<p>Die blauen Pins sind Wegpunktmarkierungen. Diese Punkte kann man exportieren und dann ggf. in ein \u201crichtiges\u201d GPS wie das Colorado 300 \u00fcberspielen. Daf\u00fcr braucht man allerdings eine Internetverbindung und die gibt es hier leider nur zu horrenden Preisen via Data-Roaming. <\/p>\n<p>Mit den \u00fcblichen iPad Gesten kann man schieben und zoomen.<\/p>\n<p><a href=\"http:\/\/anscharius.files.wordpress.com\/2010\/12\/img_0064.png\"><img loading=\"lazy\" decoding=\"async\" style=\"background-image:none;padding-left:0;padding-right:0;display:inline;padding-top:0;border-width:0;\" title=\"IMG_0064\" border=\"0\" alt=\"IMG_0064\" src=\"http:\/\/anscharius.files.wordpress.com\/2010\/12\/img_0064_thumb.png\" width=\"550\" height=\"412\" \/><\/a><\/p>\n<p>Hier sieht man eine Handerung hoch Pico Viejo. Das ist der Vulkan der hier zuletzt aktiv war. Schaut man sich die H\u00f6henlinien an erkennt man schnell, dass es etwa 900 H\u00f6henmeter Unterschied sind. Die gesamte Strecke hat etwa 6 Kilometer \u2013 One Way! Es w\u00fcrde also etwa 1800 Meter rauf und runter gehen und das auf einer L\u00e4nge von rund 10 Kilometern in loser schwarzer Lava Asche. Nicht wirklich zu schaffen, jedenfalls f\u00fcr mich nicht :-(<\/p>\n<p>Also eine kleinere Runde:<\/p>\n<p><a href=\"http:\/\/anscharius.files.wordpress.com\/2010\/12\/img_0065.png\"><img loading=\"lazy\" decoding=\"async\" style=\"background-image:none;padding-left:0;padding-right:0;display:inline;padding-top:0;border-width:0;\" title=\"IMG_0065\" border=\"0\" alt=\"IMG_0065\" src=\"http:\/\/anscharius.files.wordpress.com\/2010\/12\/img_0065_thumb.png\" width=\"550\" height=\"412\" \/><\/a><\/p>\n<p>Der Montana de la Botja ist auch ganz nett und von der H\u00f6henstra\u00dfe recht gut zu erreichen. Oben am Kraterrand gibt es ein paar sch\u00f6ne Skulpturen aus Lavagestein, das haben Wolfgang und ich uns f\u00fcr den Mittwoch vorgenommen. W\u00e4hrend wir wandern werden Sandra und Karin mit zwei Hengsten durch die W\u00e4lder oberhalb von La Orotava galoppieren \u2013 auch nicht schlecht, wenn ich nur reiten k\u00f6nnte\u2026<\/p>\n<p>Die Anzeige unten links ist meine derzeitige H\u00f6he \u2013 235 Meter \u00fcber dem Meer. Oben in der Mitte sieht man den Kompasse, das iPad zeigt gerade nach Westen.<\/p>\n<p>Eigentlich keine schlechte Sache, doch f\u00fcr eine Wanderung zu gro\u00df und zu unhandlich. \u00dcberhaupt ist diese ganze Handynavigation meiner Meinung nach eher ein Gimmick und nicht wirklich ernsthaft zu gebrauchen. Ein Problem ist in der Regel das Display. Scheint die Sonne muss man die Hintergrundbeleuchtung auf Maximum stellen um \u00fcberhaupt noch irgendetwas schemenhaft erkennen zu k\u00f6nnen. In einem Auto mag das noch gehen, aber oben auf einem Berg ist das bl\u00f6d weil dann die Batterien nach wenigen Stunden leer sind.<\/p>\n<p>Das Garmin Colorado 300 hat f\u00fcr mich viele Vorteile, es ist weitgehend Wasserdicht, es funktioniert mit einfachen AA-Batterien die man \u00fcberall kaufen und leicht wechseln kann. Alternativ l\u00e4uft es mit 2.500 mAh Akkus etwa 14 Stunden wenn diese korrekt geladen sind. Der Garmin-Empf\u00e4nger ist deutlich empfindlicher, das Display reflektiert das Sonnenlicht so geschickt, dass man es bei hellem Sonnenschein ohne Hintergrundbeleuchtung sehr gut ablesen kann. Es gibt sowohl Luftlinien-Routing als auch \u201cechtes\u201d Routing, sofern das Kartenmaterial dies unterst\u00fctzt. Topografische Karten unterst\u00fctzen in der Regel KEIN Routing. Man kann sich in diesem Fall mit Garmin Mapsource aus einzelnen Trackpoints sehr sch\u00f6n eine Route erstellen, diese an das GPS \u00fcbertragen und kann dann immer sehen wie weit es bis zum n\u00e4chsten Trackpoint ist usw. Es gibt ein Barometer, ein Thermometer und viele andere Features die man bei einem Android Telefon oder einem iPhone nicht hat. <\/p>\n<p>Kurz, daheim im Hotel kann man auf dem iPad sehr sch\u00f6n schauen wo es lang gehen soll, f\u00fcr die Wanderung nimmt man besser etwas mit, das speziell daf\u00fcr gemacht wurde.<\/p>\n<h1><strong><font size=\"3\">Was machen wir heute?<\/font><\/strong><\/h1>\n<p>Bislang noch nichts au\u00dfer Essen und Faulenzen :-) Sp\u00e4ter wollen wir mal ein wenig mit dem Auto los, irgendwo hin wo man den Sonnenuntergang sch\u00f6n sehen kann. Vielleicht zum Mirador oberhalb von Chirche? Mal sehen \u2013 ich werde berichten.<\/p>\n<p>Am Mittwoch soll es wie oben beschrieben eine Wanderung geben. Am Donnerstag kommt das gesammelte deutsche Wandervolk zum Brunch hier hoch auf die Finca von Jo und Caro. Mal sehen ob wir da noch was auf die Beine stellen k\u00f6nnen au\u00dfer Essen und Faulenzen :-) Am Freitag ist Sylvester, daf\u00fcr und f\u00fcr den Neujahrstag haben wir noch keine Planung. Am Sonntag geht es dann mit Germanwings zur\u00fcck in die K\u00e4lte nach K\u00f6ln Bonn. Da hei\u00dft es dann schnell W\u00e4sche waschen, Koffer packen und Montags gleich wieder los zur Arbeit. Klingt alles ganz einfach, oder? Ich bin gespannt ob der Schnee uns einen Strich durch die Rechnung macht oder nicht\u2026 Wir werden sehen!<\/p>\n<h1><strong><font size=\"3\">Update um 20:43 Ortszeit<\/font><\/strong><\/h1>\n<p>Nun ist auch der Dienstag schon vorbei! Nach der morgendlichen Bloggerei geht es \u00fcber die Autobahn in Richtung La Laguna. Eigentlich wollen wir noch mal hoch zum Pico del Teide, auch wenn es schon fast Mittag ist. Aber egal, das Wetter ist sch\u00f6n! nat\u00fcrlich verpassen wir wieder einmal die Ausfahrt nach Agua Garcia. Wir nehmen die n\u00e4chste Ausfahrt und kurven erfolglos eine Weile durch die Gegend. Das Navigon ist \u00fcberhaupt nicht hilfreich, zu alt sind die Karten. Wir sollen irgendwo links abbiegen, da ist aber direkt neben uns eine Leitplanke und die Autobahn, das ist fast kriminell was das Ding so vorschl\u00e4gt. Also wieder weg damit! Schlie\u00dflich landen wir sogar an einem Hinweis nach La Esperanza, das ist super! Kurz drauf sind wir auch wieder im Spiel. Die Zwischenstopps mit Blick auf den Teide nutzen wir alle samt, zu schon ist die Aussicht. <\/p>\n<p>Oben am Teide angekommen kehren wir im einzigen Restaurant ein das heute ge\u00f6ffnet hat. Es gibt Fisch mit Pommes Frites, gar nicht \u00fcbel! Danach geht es im Schneckentempo vorbei am Pico del Teide durch die Canadas del Teide. Eigentlich w\u00fcrde ich gern eine Stunde durch die Gegend wandern aber Sandra ist das zu kalt \u2013 hier oben sind es 15\u00b0C. Ok, dann fahren wir eben weitert, ist auch viel bequemer :-) Schlie\u00dflich landen wir oberhalb von Chirche beim Mirador de Chirche der heute tats\u00e4chlich sogar ge\u00f6ffnet hat! Es gibt Kichererbseneintopf (Garbanzas) und einen gemischten Salat \u2013 lecker! W\u00e4hrend wir essen klickt die Nikon D2x alle 10 Sekunden und h\u00e4lt das Grauen fest das da auf und zukommt \u2013 eine fiese Nebelbank umh\u00fcllt uns schlie\u00dflich. Als wir bezahlt haben ist es sogar schon dunkel und es beginnt zu regnen. Vor uns liegen etwa 40 Kilometer Kurven Kurven Kurven und die sind zumeist in etwa 1000 Metern H\u00f6he direkt am Abhang \u2013 urgs \u2013 wer da im Regen einen Fahrfehler macht st\u00fcrzt schnell mal den Hang hinab. Aber ich kenne die Stra\u00dfe schon ganz gut und so bringt mich dort nichts mehr aus der Ruhe.<\/p>\n<p>Um 20h sind wir dann auch ziemlich erledigt auf der Finca von Jo und Caro. Kurz alles auf die externe Festplatte kopieren, Akkus und die Ladeger\u00e4te, Z\u00e4hne putzen und dann ab ins Bett. Der Wecker klingelt morgen um 7h30! <\/p>\n<p>Den Vulkan den ich morgen mit Wolfgang erwandern m\u00f6chte habe ich heute schon gesehen :-)<\/p>\n<p>Hier noch ein Bild des derzeit f\u00fcr mich unerreichbar hohen Pico Viejo:<\/p>\n<p><a href=\"http:\/\/anscharius.files.wordpress.com\/2010\/12\/dsc_0046.jpg\"><img loading=\"lazy\" decoding=\"async\" style=\"background-image:none;border-bottom:0;border-left:0;padding-left:0;padding-right:0;display:inline;border-top:0;border-right:0;padding-top:0;\" title=\"DSC_0046\" border=\"0\" alt=\"DSC_0046\" src=\"http:\/\/anscharius.files.wordpress.com\/2010\/12\/dsc_0046_thumb.jpg\" width=\"550\" height=\"374\" \/><\/a><\/p>\n<p>Der j\u00fcngste Vulkan Teneriffas \u2013 gleich rechts neben der Spitze des Pico del Teide.<\/p>\n<p>Unser Ziel f\u00fcr morgen sieht so aus \u2013 der kleine Pixelhaufen da oben rechts ist \u00fcbrigens ein Wanderer!!<\/p>\n<p><a href=\"http:\/\/anscharius.files.wordpress.com\/2010\/12\/dsc_0077.jpg\"><img loading=\"lazy\" decoding=\"async\" style=\"background-image:none;border-bottom:0;border-left:0;padding-left:0;padding-right:0;display:inline;border-top:0;border-right:0;padding-top:0;\" title=\"DSC_0077\" border=\"0\" alt=\"DSC_0077\" src=\"http:\/\/anscharius.files.wordpress.com\/2010\/12\/dsc_0077_thumb.jpg\" width=\"550\" height=\"374\" \/><\/a><\/p>\n<p>So, nun aber ab ins Bett\u2026<\/p>\n<h1><font size=\"3\">Update am Morgen<\/font><\/h1>\n<p>Der Wecker klingelt um 7h30 \u2013 um 7h55 bin ich startklar. W\u00e4hrend Sandra im Bad ist wird noch schnell DIES HIER gebloggt. Sandra ist nicht gut drauf, gestern im Nebel am Mirador de Chirche war es wohl zu kalt, ein R\u00fcckfall. Der Hals tut weh und die Bronchen sind verstopft. Hoffentlich klappt es heute mit ihrem Ausritt. <\/p>\n<p><a href=\"http:\/\/anscharius.files.wordpress.com\/2010\/12\/dsc_0133.jpg\"><img loading=\"lazy\" decoding=\"async\" style=\"background-image:none;border-bottom:0;border-left:0;padding-left:0;padding-right:0;display:inline;border-top:0;border-right:0;padding-top:0;\" title=\"DSC_0133\" border=\"0\" alt=\"DSC_0133\" src=\"http:\/\/anscharius.files.wordpress.com\/2010\/12\/dsc_0133_thumb.jpg\" width=\"550\" height=\"374\" \/><\/a><\/p>\n<p>So sah es bei unserer Ankunft am Mirador aus. <\/p>\n<p><a href=\"http:\/\/anscharius.files.wordpress.com\/2010\/12\/dsc_02811.jpg\"><img loading=\"lazy\" decoding=\"async\" style=\"background-image:none;border-bottom:0;border-left:0;padding-left:0;padding-right:0;display:inline;border-top:0;border-right:0;padding-top:0;\" title=\"DSC_0281\" border=\"0\" alt=\"DSC_0281\" src=\"http:\/\/anscharius.files.wordpress.com\/2010\/12\/dsc_0281_thumb.jpg\" width=\"550\" height=\"374\" \/><\/a><\/p>\n<p>So sah es aus als wir den Mirador verlassen haben, wer da nicht krankt wird\u2026<\/p>\n<p>Mir geht es blendend, langsam setzt die Erholung ein, allerdings macht ein Zahn Probleme. Seit zwei Tagen pocht und tuckert er beim Einschlafen, das sind keine guten Vorboten. Wenn wir wieder daheim sind sollte ich schnell den Kieferchirurgen aufsuchen \u2013 das 3D R\u00f6ntgenbild haben wir vor ein paar Tagen schon gemacht \u2013 und es geht mir in meinen Tr\u00e4umen derzeit st\u00e4ndig durch den Kopf. \u201cNachresektion der Wurzelspitze im Frontzahnbereich\u201d \u2013 klingt schon so als w\u00fcrde es weh tun \u2013 wird es sicher auch\u2026 Aber jetzt im Augenblick ist alles ruhig, ein guter Zeitpunkt f\u00fcr ein leckeres Fr\u00fchst\u00fcck.<\/p>\n<p>Dann hoch zu Karin und Wolfgang, die M\u00e4dels zum Pferdehof schicken und wir machen dann was \u201cvern\u00fcnftiges\u201d \u2013 wie Wolfgang es immer mit einem Augenzwinkern zu sagen pflegt :-) <\/p>\n<p>Bis sp\u00e4ter dann\u2026 <\/p>\n","protected":false},"excerpt":{"rendered":"<p>Es ist Dienstag, es ist der 28. Dezember und es scheint die Sonne! Am Mittwoch geht es mit Wolfgang an der westlichen Seite des Pico del Teide hoch zu einem kleinen Vulkankrater. Eine einfache Wanderung, 300 H\u00f6henmeter sind es laut der topografischen Karte. Die Karte kommt von cloudmadetopo.com und kann kostenlos beispielsweise mit GAIA GPS [&hellip;]<\/p>\n","protected":false},"author":2,"featured_media":0,"comment_status":"open","ping_status":"open","sticky":false,"template":"","format":"standard","meta":{"jetpack_post_was_ever_published":false,"_jetpack_newsletter_access":"","_jetpack_dont_email_post_to_subs":false,"_jetpack_newsletter_tier_id":0,"_jetpack_memberships_contains_paywalled_content":false,"_jetpack_memberships_contains_paid_content":false,"footnotes":"","jetpack_publicize_message":"","jetpack_publicize_feature_enabled":true,"jetpack_social_post_already_shared":false,"jetpack_social_options":{"image_generator_settings":{"template":"highway","default_image_id":0,"enabled":false},"version":2}},"categories":[6,13],"tags":[156,23],"class_list":["post-1635","post","type-post","status-publish","format-standard","hentry","category-fotografie","category-nikon","tag-finca-san-juan","tag-teneriffa"],"jetpack_publicize_connections":[],"jetpack_featured_media_url":"","jetpack_shortlink":"https:\/\/wp.me\/p2px01-qn","jetpack_sharing_enabled":true,"_links":{"self":[{"href":"https:\/\/www.nikonhumors.com\/index.php?rest_route=\/wp\/v2\/posts\/1635","targetHints":{"allow":["GET"]}}],"collection":[{"href":"https:\/\/www.nikonhumors.com\/index.php?rest_route=\/wp\/v2\/posts"}],"about":[{"href":"https:\/\/www.nikonhumors.com\/index.php?rest_route=\/wp\/v2\/types\/post"}],"author":[{"embeddable":true,"href":"https:\/\/www.nikonhumors.com\/index.php?rest_route=\/wp\/v2\/users\/2"}],"replies":[{"embeddable":true,"href":"https:\/\/www.nikonhumors.com\/index.php?rest_route=%2Fwp%2Fv2%2Fcomments&post=1635"}],"version-history":[{"count":0,"href":"https:\/\/www.nikonhumors.com\/index.php?rest_route=\/wp\/v2\/posts\/1635\/revisions"}],"wp:attachment":[{"href":"https:\/\/www.nikonhumors.com\/index.php?rest_route=%2Fwp%2Fv2%2Fmedia&parent=1635"}],"wp:term":[{"taxonomy":"category","embeddable":true,"href":"https:\/\/www.nikonhumors.com\/index.php?rest_route=%2Fwp%2Fv2%2Fcategories&post=1635"},{"taxonomy":"post_tag","embeddable":true,"href":"https:\/\/www.nikonhumors.com\/index.php?rest_route=%2Fwp%2Fv2%2Ftags&post=1635"}],"curies":[{"name":"wp","href":"https:\/\/api.w.org\/{rel}","templated":true}]}}