{"id":1616,"date":"2010-12-27T18:58:14","date_gmt":"2010-12-27T18:58:14","guid":{"rendered":"https:\/\/anscharius.wordpress.com\/2010\/12\/27\/weihnachten-2010\/"},"modified":"2010-12-27T18:58:14","modified_gmt":"2010-12-27T18:58:14","slug":"weihnachten-2010","status":"publish","type":"post","link":"https:\/\/www.nikonhumors.com\/?p=1616","title":{"rendered":"Weihnachten 2010"},"content":{"rendered":"<p>Es ist der erste Weihnachtstag, daheim in Deutschland geht wegen der Schneef\u00e4lle fast gar nichts mehr. Die Fernsehbilder sind jedenfalls ern\u00fcchternd. Hier auf der \u201cInsel der Gl\u00fcckseeligen\u201d ist es wie jeden morgen einfach wundersch\u00f6n. Wir schlafen aus und als wir um kurz vor 9h unser kleines Haus verlassen scheint die Sonne, die V\u00f6gel singen und \u00fcber uns ist nichts als blauer Himmel \u2013 gro\u00dfartig! <\/p>\n<p>Sandra ist auch wieder halbwegs gesund, wir lassen uns das Fr\u00fchst\u00fcck schmecken. Am Heiligabend zuvor gab es ein Men\u00fc mit f\u00fcnf G\u00e4ngen! Der H\u00f6hepunkt war Filet vom Wildschwein \u2013 alles wirklich gro\u00dfartig! Vor diesem Hintergrund ist es verwunderlich, dass wir trotzdem schon wieder Hunger haben. W\u00e4hrend wir die paar Meter zum Fr\u00fchst\u00fcck laufen \u00fcberlege ich, ob ein Kausalzusammenhang bestehen k\u00f6nnte? Hat man morgens mehr Hunger wenn man Abends zuvor mehr als \u00fcblich gegessen hat? Hat unser Magen einen \u201cMemory-Effekt\u201d? Manchmal kommt es mir jedenfalls so vor ;-)<\/p>\n<p>Ok, nach der morgendlichen V\u00f6llerei mit Sekt &amp; Co. liegen wir ne Weile faul am Pool herum. Ich h\u00f6re Musik mit meinem neuen HTC-Telefon. Vor ein paar Tagen habe ich das Ding noch schnell mit einer 16GB Micro-SD Karte aufger\u00fcstet. Nun ist echt viel Musik drauf und ich benutze meinen iPod derzeit eigentlich gar nicht mehr. Der integrierte HTC-Audio-Player hat eine Sound-Einstellung mit dem Namen \u201cSRS\u201d. Aktiviert man das geht mit guten Kopfh\u00f6rern eigentlich gar nichts mehr, es bumst und dr\u00f6hnt dann nur noch. Aber mit den kleinen Ohrh\u00f6rer von meinem iPod klingt das dann eigentlich ganz gut. Die kleinen Dinger h\u00f6ren sich dann fast wie \u201cerwachsene\u201d Lautsprecher an \u2013 mir gef\u00e4llt das! Also liegen wir faul am Pool. Ich poste meinen Status bei Facebook, Sandra liest einen echt blutr\u00fcnstigen Krimi \u00fcber einen Serienm\u00f6rder. Abends bekomme ich die Details erz\u00e4hlt. Das erinnert alles ein wenig an SAW 1-17 \u2013 oder gibt es schon 18 Teile? Egal, es erinnert mich daran. W\u00e4hrend der ausf\u00fchrlichen Schilderung der Ereignisse kommt mir in den Sinn, dass Fabian mir neulich erkl\u00e4rt hat, dass es sich bei diesen Folter-Filmen und Geschichten um ein v\u00f6llig neues Unterhaltungsgenre handelt: \u201cTourture-Porn\u201d nennt man das jetzt! Sehr bildlich, sehr krass, sehr SAW\u2026<\/p>\n<p>Jedenfalls h\u00f6re ich mit dem neuen Telefon die Musik die ich schon vor 30 Jahren geh\u00f6rt habe. Irgendwann komme ich bei LOGOS von Tangerine Dream an. Da hat mich bei meiner Schallplatte schon immer dieses Knacksen gest\u00f6rt. Heute im Jahr 2010 h\u00f6re ich es via SRS auf einem Hightech Ger\u00e4t als MP3 Datei und es knackst immer noch \u2013 es ist ein \u201cRIP\u201d von einer Schallplatte \u2013 das ist wahre Evolution! 30 Jahre sp\u00e4ter ist alles anders und doch immer noch gleich \u2013 alles bleibt anders k\u00f6nnte man sagen!<\/p>\n<p>Es ist Weihnachten, die Sonne scheint bei 25\u00b0C und wir sind einfach nur faul \u2013 was f\u00fcr ein Urlaub!<\/p>\n<p><a href=\"http:\/\/anscharius.files.wordpress.com\/2010\/12\/imag0099.jpg\"><img loading=\"lazy\" decoding=\"async\" style=\"background-image:none;padding-left:0;padding-right:0;display:inline;padding-top:0;border-width:0;\" title=\"IMAG0099\" border=\"0\" alt=\"IMAG0099\" src=\"http:\/\/anscharius.files.wordpress.com\/2010\/12\/imag0099_thumb.jpg\" width=\"550\" height=\"339\" \/><\/a><\/p>\n<p>Knipsbild mit dem HTC Desire HD<\/p>\n<p>So um 13h gibt es echte Belgische Pommes Frites von einer authentischen Belgischen K\u00f6chin \u2013 dementsprechend schmecken sie auch \u2013 einfach gro\u00dfartig. Danach f\u00fchle ich mich wie einer der bekannten Belgier aus Gallien, wo Obelix \u2013 nur ohne Superkr\u00e4fte :-)<\/p>\n<p>Um 14h machen wir uns langsam an die Tagesplanung. Es geht mir dem Auto zum westlichen Zipfel der Insel. Punta de Teno hei\u00dft das hier. Ich hoffe auf einen tollen Sonnenuntergang \u00fcber La Gomera, die schweren Wolken haben sich ja \u00fcber Nacht verzogen. Kurz vor Schluss m\u00fcssen wir eine Stra\u00dfe passieren die bei Wind und Regen sehr gef\u00e4hrlich ist. Heute ist es aber sonnige und ruhig, es ist zwei Tage nach dem Sturm und ich hoffe drauf, dass die dicksten zuletzt abgest\u00fcrzten Felsbrocken inzwischen wegger\u00e4umt sein werden. Das klappt auch alles ganz gut, nur Sandra hat echt Angst, dass da noch einer dieser 100 Kg schweren Brocken durch das Dach unseres Autos sausen und den Hebel der Handbremse verbiegen k\u00f6nnte. Aber es geht alles gut :-)<\/p>\n<p>Wir halten ein paar hundert Meter vor dem kleinen Leuchtturm, parken unser Auto, packen alles zusammen und wandern ein wenig den Berg hinauf. Es sind nur 70 H\u00f6henmeter und das geht alles ganz einfach. Auf dem Weg liegen allerdings viele lose runde Brocken und in der Dunkelheit w\u00e4re es wenig witzig hier zu st\u00fcrzen! Aber wir haben eine kleine Taschenlampe dabei und im Zweifel muss man den R\u00fcckweg antreten bevor es wirklich finster ist.<\/p>\n<p>Hier die Auswertung dieser winzig kleinen Wanderung ;-)<\/p>\n<p><a href=\"http:\/\/anscharius.files.wordpress.com\/2010\/12\/puntadeteno.jpg\"><img loading=\"lazy\" decoding=\"async\" style=\"background-image:none;padding-left:0;padding-right:0;display:inline;padding-top:0;border-width:0;\" title=\"PuntaDeTeno\" border=\"0\" alt=\"PuntaDeTeno\" src=\"http:\/\/anscharius.files.wordpress.com\/2010\/12\/puntadeteno_thumb.jpg\" width=\"550\" height=\"138\" \/><\/a><\/p>\n<p><a href=\"http:\/\/anscharius.files.wordpress.com\/2010\/12\/puntadeteno3d.jpg\"><img loading=\"lazy\" decoding=\"async\" style=\"background-image:none;padding-left:0;padding-right:0;display:inline;padding-top:0;border-width:0;\" title=\"PuntaDeTeno3D\" border=\"0\" alt=\"PuntaDeTeno3D\" src=\"http:\/\/anscharius.files.wordpress.com\/2010\/12\/puntadeteno3d_thumb.jpg\" width=\"550\" height=\"254\" \/><\/a><\/p>\n<p>An einem Punkt mit Blick \u00fcber den Hang, den Leuchtturm und guter Sicht auf La Gomera machen wir dann Rast. Es sind noch zwei Stunden bis Sonnenuntergang. Sandra liest ihre blutige Geschichte und ich packe ganz in Ruhe meine Fotosachen aus. Es gibt ein paar kleine Videos mit dem neuen Telefon und ansonsten warten wir auf den Sonnenuntergang. Sandra wird es schlie\u00dflich zu kalt, sie geht schon einmal zur\u00fcck zum Auto. Das liest sie dann weiter. Als es dunkel wird wird ihr so allein da untern ganz mulmig. Sie verriegelt das Auto von innen, schaltet die Innenbeleuchtung ein und liest flei\u00dfig weiter.<\/p>\n<p><a href=\"http:\/\/anscharius.files.wordpress.com\/2010\/12\/imag0112.jpg\"><img loading=\"lazy\" decoding=\"async\" style=\"background-image:none;padding-left:0;padding-right:0;display:inline;padding-top:0;border-width:0;\" title=\"IMAG0112\" border=\"0\" alt=\"IMAG0112\" src=\"http:\/\/anscharius.files.wordpress.com\/2010\/12\/imag0112_thumb.jpg\" width=\"550\" height=\"339\" \/><\/a><\/p>\n<p>Noch ein Knipsbild mit HTC Desire HD \u2013 Unser Auto parkt unten an der linken Spitze der Plantage. Der rote Farbkleks ist Sandra.<\/p>\n<p>W\u00e4hrend dessen steht ich hinter zwei klickenden Kameras. Die D2x macht alle 10s ein Bild mit einem 20mm Weitwinkel und einem kr\u00e4ftigen Grauverlaufsfilter. Mit der D300 mache ich mit verschiedenen Objektiven eine Belichtungsreihe nach der Anderen. Schlie\u00dflich kommen fast 16GB Bildmaterial zusammen, leider sind fast alle Bilder gleich. Und auch der Sonnenuntergang ist nicht wie erhofft. Es gibt keinen dramatisch roten Wolkenhimmel. Statt dessen versinkt die Sonne innerhalb von etwa 30 Sekunden einfach hinter den Wolken \u00fcber La Gomera. Man kann nicht immer Gl\u00fcck haben.<\/p>\n<p>W\u00e4hrend ich meine Sachen zusammenpacke wird es dann dunkel. Der Himmel f\u00e4rbt sich violett, eigentlich ist es jetzt die beste Zeit f\u00fcr ein paar sch\u00f6ne Fotos. Aber Sandra wartet und ich habe dummerweise meine hohen Wanderschuhe nicht angezogen. Also geht es im letzten Tageslicht ein wenig wie auf rohen Eiern den Abhang hinunter zum Auto.<\/p>\n<p>Sandra ist froh als ich endlich wieder zur\u00fcck bin. Wir wenden unseren Opel und fahren zum Monasterio in Los Realejos. Es ist ein altes Kloster, das ein deutscher Wirt um- und zu einem Restaurant ausgebaut hat. Ich glaube er betreibt auch das Caf\u00e9 de Paris und die Deutsche B\u00e4ckerei in Puerto de la Cruz. Jedenfalls ist es immer wieder witzig dort. Die Kellner sind ausgesprochen nett und freundlich. Als ich ein \u201cCerveza Grande\u201d bestellt fragt mich der kanarische Kellner ob es zwei oder nur einen Liter gro\u00df sein soll :-) Sandra isst das legend\u00e4re Kaninchen. Es ist super und wir r\u00e4tseln, ob es von der Insel oder aus einer Kaninchenzucht aus Polen stammt\u2026 Ich essen einen typische Kanarischen Eintopf aus Kichererbsen, der ist hier immer wieder wirklich gut. Danach gibt es eine Chorizo mit Zwiebeln, lecker. Das ist eine gut gew\u00fcrzte Bratwurst mit Paprika etc. \u2013 wirklich gut!<\/p>\n<p>Sp\u00e4ter auf der Finca sind wir dann todm\u00fcde und fallen einfach nur noch ins Bett. So entspannt kann Weihnachten sein!<\/p>\n<p>Hier noch ein paar Exemplare meiner relativ mageren \u201cAusbeute\u201d:<\/p>\n<p><a href=\"http:\/\/anscharius.files.wordpress.com\/2010\/12\/dsc_0100.jpg\"><img loading=\"lazy\" decoding=\"async\" style=\"background-image:none;padding-left:0;padding-right:0;display:inline;padding-top:0;border-width:0;\" title=\"DSC_0100\" border=\"0\" alt=\"DSC_0100\" src=\"http:\/\/anscharius.files.wordpress.com\/2010\/12\/dsc_0100_thumb.jpg\" width=\"550\" height=\"374\" \/><\/a><\/p>\n<p>5s vor Sonnenuntergang<\/p>\n<p><a href=\"http:\/\/anscharius.files.wordpress.com\/2010\/12\/dsc_0206.jpg\"><img loading=\"lazy\" decoding=\"async\" style=\"background-image:none;padding-left:0;padding-right:0;display:inline;padding-top:0;border-width:0;\" title=\"DSC_0206\" border=\"0\" alt=\"DSC_0206\" src=\"http:\/\/anscharius.files.wordpress.com\/2010\/12\/dsc_0206_thumb.jpg\" width=\"550\" height=\"374\" \/><\/a><\/p>\n<p>Ein paar Minuten nach Sonnenuntergang<\/p>\n<p><a href=\"http:\/\/anscharius.files.wordpress.com\/2010\/12\/dsc4170.jpg\"><img loading=\"lazy\" decoding=\"async\" style=\"background-image:none;padding-left:0;padding-right:0;display:inline;padding-top:0;border-width:0;\" title=\"_DSC4170\" border=\"0\" alt=\"_DSC4170\" src=\"http:\/\/anscharius.files.wordpress.com\/2010\/12\/dsc4170_thumb.jpg\" width=\"550\" height=\"374\" \/><\/a><\/p>\n<p>Und noch mal kurz vor \u201cAbmarsch\u201d als es begann noch einmal ganz kurz richtig sch\u00f6n zu werden.<\/p>\n<p>Mein Fazit: Man kann nicht immer gewinnen und morgen kann man es ja erneut versuchen :-]<\/p>\n","protected":false},"excerpt":{"rendered":"<p>Es ist der erste Weihnachtstag, daheim in Deutschland geht wegen der Schneef\u00e4lle fast gar nichts mehr. Die Fernsehbilder sind jedenfalls ern\u00fcchternd. Hier auf der \u201cInsel der Gl\u00fcckseeligen\u201d ist es wie jeden morgen einfach wundersch\u00f6n. Wir schlafen aus und als wir um kurz vor 9h unser kleines Haus verlassen scheint die Sonne, die V\u00f6gel singen und [&hellip;]<\/p>\n","protected":false},"author":2,"featured_media":0,"comment_status":"open","ping_status":"open","sticky":false,"template":"","format":"standard","meta":{"jetpack_post_was_ever_published":false,"_jetpack_newsletter_access":"","_jetpack_dont_email_post_to_subs":false,"_jetpack_newsletter_tier_id":0,"_jetpack_memberships_contains_paywalled_content":false,"_jetpack_memberships_contains_paid_content":false,"footnotes":"","jetpack_publicize_message":"","jetpack_publicize_feature_enabled":true,"jetpack_social_post_already_shared":false,"jetpack_social_options":{"image_generator_settings":{"template":"highway","default_image_id":0,"enabled":false},"version":2}},"categories":[44],"tags":[156,23,158],"class_list":["post-1616","post","type-post","status-publish","format-standard","hentry","category-dies-das","tag-finca-san-juan","tag-teneriffa","tag-weihnachten"],"jetpack_publicize_connections":[],"jetpack_featured_media_url":"","jetpack_shortlink":"https:\/\/wp.me\/p2px01-q4","jetpack_sharing_enabled":true,"_links":{"self":[{"href":"https:\/\/www.nikonhumors.com\/index.php?rest_route=\/wp\/v2\/posts\/1616","targetHints":{"allow":["GET"]}}],"collection":[{"href":"https:\/\/www.nikonhumors.com\/index.php?rest_route=\/wp\/v2\/posts"}],"about":[{"href":"https:\/\/www.nikonhumors.com\/index.php?rest_route=\/wp\/v2\/types\/post"}],"author":[{"embeddable":true,"href":"https:\/\/www.nikonhumors.com\/index.php?rest_route=\/wp\/v2\/users\/2"}],"replies":[{"embeddable":true,"href":"https:\/\/www.nikonhumors.com\/index.php?rest_route=%2Fwp%2Fv2%2Fcomments&post=1616"}],"version-history":[{"count":0,"href":"https:\/\/www.nikonhumors.com\/index.php?rest_route=\/wp\/v2\/posts\/1616\/revisions"}],"wp:attachment":[{"href":"https:\/\/www.nikonhumors.com\/index.php?rest_route=%2Fwp%2Fv2%2Fmedia&parent=1616"}],"wp:term":[{"taxonomy":"category","embeddable":true,"href":"https:\/\/www.nikonhumors.com\/index.php?rest_route=%2Fwp%2Fv2%2Fcategories&post=1616"},{"taxonomy":"post_tag","embeddable":true,"href":"https:\/\/www.nikonhumors.com\/index.php?rest_route=%2Fwp%2Fv2%2Ftags&post=1616"}],"curies":[{"name":"wp","href":"https:\/\/api.w.org\/{rel}","templated":true}]}}