{"id":1595,"date":"2010-12-24T14:42:31","date_gmt":"2010-12-24T14:42:31","guid":{"rendered":"https:\/\/anscharius.wordpress.com\/2010\/12\/24\/vamos-a-la-playa\/"},"modified":"2010-12-24T14:42:31","modified_gmt":"2010-12-24T14:42:31","slug":"vamos-a-la-playa","status":"publish","type":"post","link":"https:\/\/www.nikonhumors.com\/?p=1595","title":{"rendered":"Vamos a la playa"},"content":{"rendered":"<p>Heute ist Sandra besser drauf, aber noch nicht wirklich gut. Also beschlie\u00dfen wir nach dem bekannt guten Fr\u00fchst\u00fcck, dass sie heute hier bleibt und ich auf eigene Faust los ziehe. Gesagt getan, um etwa 11h bin ich dann unterwegs. Mein Weg f\u00fchrt mich an die Nord-Westliche K\u00fcste. Vorbei an La Laguna geht es in Richtung Las Mercedes. Am kleinsten Kreisverkehr der Welt biege ich kurzerhand ab in Richtung \u201cBajamar\u201d und \u201cPunta del Hidalgo\u201d. Eigentlich habe ich Bilder von netten kleinen Fischerd\u00f6rfern im Kopf. Als ich dort ankomme bin ich dann ziemlich entt\u00e4uscht und steige nur kurz am Wendehammer am Punta del Hidalgo aus. Vielleicht w\u00fcrde man ja noch was nettes finden wenn man hier ein wenig die Gegend erkundet, aber es windet wie die H\u00f6lle und so steige ich wieder ein und fahre zur\u00fcck zum kleinsten Kreisverkehr der Welt. Hier biege ich dann scharf links ab in Richtung Las Mercedes. Vor mir schleichen ein paar Touristen den Berg hinauf und ich bin froh als ich sie endlich \u00fcberholen kann.<\/p>\n<p><a href=\"http:\/\/anscharius.files.wordpress.com\/2010\/12\/dsc3855.jpg\"><img loading=\"lazy\" decoding=\"async\" style=\"background-image:none;padding-left:0;padding-right:0;display:inline;padding-top:0;border-width:0;\" title=\"_DSC3855\" border=\"0\" alt=\"_DSC3855\" src=\"http:\/\/anscharius.files.wordpress.com\/2010\/12\/dsc3855_thumb.jpg\" width=\"550\" height=\"374\" \/><\/a><\/p>\n<p>Bei den \u00fcblichen Aussichtspunkten fahre ich einfach weiter, die habe ich w\u00e4hrend der letzten Jahre schon zur gen\u00fcge \u201cabfotografiert\u201d :-)<\/p>\n<p>Irgendwann geht es links in Richtung \u201cAfur\u201d \u2013 bei unserer Wanderung in Taborno haben Wolfgang und Karin im letzten Fr\u00fchjahr so geschw\u00e4rmt, dass die Wanderung von Afurt hinunter ans Meer so sch\u00f6n ist \u2013 warum nicht?<\/p>\n<p>Die Stra\u00dfe ist abenteuerlich eng, aber es gibt fast keinen Gegenverkehr, alles kein Problem. Als ich in Afur ankomme ist der Parkplatz am Ende der Sackgasse wie leer gefegt, ich parke das einzige Auto hier :-) Der Weg hinunter an den \u201cStrand\u201d ist ausgeschildert, super! Schnell die Wanderst\u00f6cke auf die richtige L\u00e4nge bringen, alle nicht notwendigen Kameras und Objektive im Kofferraum platzieren, die Wanderschuhe anziehen und eine warme Fleecejacke \u00fcberziehen. dann geht es los!<\/p>\n<p>Es st\u00fcrmt wie verr\u00fcckt und ich habe ein wenig Sorge, dass es einen heftigen Regenguss geben k\u00f6nnte, aber es bleibt bis zuletzt fast alles trocken ;-) Der Weg geht heftig auf und ab, aber ich habe den Ehrgeiz nicht umzukehren und wirklich bis zum Meer zu wandern. Zwischendurch passiere ich eine paar kleine Wasserf\u00e4lle und einige beeindruckende \u201cMauerdurchbr\u00fcche\u201d. Wer auch immer diese Mauern hier aufgestellt hat, er muss ein K\u00fcnstler gewesen sein. Ob es doch einen Gott gibt? <\/p>\n<p><a href=\"http:\/\/anscharius.files.wordpress.com\/2010\/12\/dsc3514.jpg\"><img loading=\"lazy\" decoding=\"async\" style=\"background-image:none;padding-left:0;padding-right:0;display:inline;padding-top:0;border-width:0;\" title=\"_DSC3514\" border=\"0\" alt=\"_DSC3514\" src=\"http:\/\/anscharius.files.wordpress.com\/2010\/12\/dsc3514_thumb.jpg\" width=\"550\" height=\"810\" \/><\/a><\/p>\n<p>Kurz nach 14h komme ich dann am Strand an, oder an dem was man hier so Strand nennt :-) Das Meer tost wie verr\u00fcckt und ich kann mich kaum auf den F\u00fc\u00dfen halten, was f\u00fcr ein Wetter. Der Knaller ist eine kleine Finca direkt unten am Meer. Es h\u00e4ngt ein Schild auf der Veranda \u2013 \u201cZu Verkaufen\u201d \u2013 das ist der Hammer \u2013 wer hier wohnt hat keinen Strom, kein flie\u00dfendes Trinkwasser und keine Garage f\u00fcr seinen Gel\u00e4ndewagen, ok warum auch? Vielleicht k\u00f6nnte man sich ein Boot nehmen und ab und zu im Hafen von Puerto de la Cruz anlegen um Lebensmittel zu kaufen, aber da muss man ein echt menschenscheuer Aussteiger sein :-)<\/p>\n<p><a href=\"http:\/\/anscharius.files.wordpress.com\/2010\/12\/dsc3656.jpg\"><img loading=\"lazy\" decoding=\"async\" style=\"background-image:none;padding-left:0;padding-right:0;display:inline;padding-top:0;border-width:0;\" title=\"_DSC3656\" border=\"0\" alt=\"_DSC3656\" src=\"http:\/\/anscharius.files.wordpress.com\/2010\/12\/dsc3656_thumb.jpg\" width=\"550\" height=\"374\" \/><\/a><\/p>\n<p><a href=\"http:\/\/anscharius.files.wordpress.com\/2010\/12\/dsc3623.jpg\"><img loading=\"lazy\" decoding=\"async\" style=\"background-image:none;padding-left:0;padding-right:0;display:inline;padding-top:0;border-width:0;\" title=\"_DSC3623\" border=\"0\" alt=\"_DSC3623\" src=\"http:\/\/anscharius.files.wordpress.com\/2010\/12\/dsc3623_thumb.jpg\" width=\"550\" height=\"374\" \/><\/a><\/p>\n<p>Wie dem auch sei ich habe ein wenig Sorge, dass es auf meinem Heimweg dunkel werden k\u00f6nnte. Also schnell wieder zur\u00fcck. F\u00fcr den Hinweg habe ich \u00fcber zwei Stunden gebraucht und nun muss ich deutlich mehr bergauf als bergab steigen. Und wie es bergauf geht! Die topografische Karte auf der ich mir morgens alles angeschaut haben offerierte mir 300 H\u00f6henmeter Unterschied. Sp\u00e4ter bei der Track-Auswertung kann ich dann sehen, dass ich knapp 6 Kilometer gelaufen bin und dabei zweimal zusammen 821 H\u00f6henmeter zur\u00fcck gelegt habe. Absolut sind es wirklich nicht etwa 300 Meter, aber es geht st\u00e4ndig auf und ab und das schlaucht mich ungemein.<\/p>\n<p><a href=\"http:\/\/anscharius.files.wordpress.com\/2010\/12\/dsc3721.jpg\"><img loading=\"lazy\" decoding=\"async\" style=\"background-image:none;padding-left:0;padding-right:0;display:inline;padding-top:0;border-width:0;\" title=\"_DSC3721\" border=\"0\" alt=\"_DSC3721\" src=\"http:\/\/anscharius.files.wordpress.com\/2010\/12\/dsc3721_thumb.jpg\" width=\"550\" height=\"810\" \/><\/a><\/p>\n<p>Zur\u00fcck am Auto f\u00e4llt es schwer die Schuhe zu wechseln und ich bin froh, dass ich eine komplette zweite Montur dabei habe. Also schnell ein frisches Hemd und eine trockene Fleece-Jacke anziehen, dann zur\u00fcck zur Finca San Juan. Der R\u00fcckweg f\u00e4llt mir schwer, ich bin abgek\u00e4mpft und m\u00fcde. Als ich endlich \u201cdaheim\u201d ankomme freue ich mich auf die Dusche und auf eine leckeres Abendessen.<\/p>\n<p>Was f\u00fcr ein Tag :-)<\/p>\n<p><a href=\"http:\/\/anscharius.files.wordpress.com\/2010\/12\/wanderung-arfur.jpg\"><img loading=\"lazy\" decoding=\"async\" style=\"background-image:none;padding-left:0;padding-right:0;display:inline;padding-top:0;border-width:0;\" title=\"Wanderung-Arfur\" border=\"0\" alt=\"Wanderung-Arfur\" src=\"http:\/\/anscharius.files.wordpress.com\/2010\/12\/wanderung-arfur_thumb.jpg\" width=\"550\" height=\"138\" \/><\/a><\/p>\n<p><a href=\"http:\/\/anscharius.files.wordpress.com\/2010\/12\/wanderung-arfur-3d.jpg\"><img loading=\"lazy\" decoding=\"async\" style=\"background-image:none;padding-left:0;padding-right:0;display:inline;padding-top:0;border-width:0;\" title=\"Wanderung-Arfur-3D\" border=\"0\" alt=\"Wanderung-Arfur-3D\" src=\"http:\/\/anscharius.files.wordpress.com\/2010\/12\/wanderung-arfur-3d_thumb.jpg\" width=\"550\" height=\"266\" \/><\/a><\/p>\n<p>Nun aber ab ins Bett :-)<\/p>\n","protected":false},"excerpt":{"rendered":"<p>Heute ist Sandra besser drauf, aber noch nicht wirklich gut. Also beschlie\u00dfen wir nach dem bekannt guten Fr\u00fchst\u00fcck, dass sie heute hier bleibt und ich auf eigene Faust los ziehe. Gesagt getan, um etwa 11h bin ich dann unterwegs. Mein Weg f\u00fchrt mich an die Nord-Westliche K\u00fcste. Vorbei an La Laguna geht es in Richtung [&hellip;]<\/p>\n","protected":false},"author":2,"featured_media":0,"comment_status":"open","ping_status":"open","sticky":false,"template":"","format":"standard","meta":{"jetpack_post_was_ever_published":false,"_jetpack_newsletter_access":"","_jetpack_dont_email_post_to_subs":false,"_jetpack_newsletter_tier_id":0,"_jetpack_memberships_contains_paywalled_content":false,"_jetpack_memberships_contains_paid_content":false,"footnotes":"","jetpack_publicize_message":"","jetpack_publicize_feature_enabled":true,"jetpack_social_post_already_shared":false,"jetpack_social_options":{"image_generator_settings":{"template":"highway","default_image_id":0,"enabled":false},"version":2}},"categories":[6,13],"tags":[23,97],"class_list":["post-1595","post","type-post","status-publish","format-standard","hentry","category-fotografie","category-nikon","tag-teneriffa","tag-wandern"],"jetpack_publicize_connections":[],"jetpack_featured_media_url":"","jetpack_shortlink":"https:\/\/wp.me\/p2px01-pJ","jetpack_sharing_enabled":true,"_links":{"self":[{"href":"https:\/\/www.nikonhumors.com\/index.php?rest_route=\/wp\/v2\/posts\/1595","targetHints":{"allow":["GET"]}}],"collection":[{"href":"https:\/\/www.nikonhumors.com\/index.php?rest_route=\/wp\/v2\/posts"}],"about":[{"href":"https:\/\/www.nikonhumors.com\/index.php?rest_route=\/wp\/v2\/types\/post"}],"author":[{"embeddable":true,"href":"https:\/\/www.nikonhumors.com\/index.php?rest_route=\/wp\/v2\/users\/2"}],"replies":[{"embeddable":true,"href":"https:\/\/www.nikonhumors.com\/index.php?rest_route=%2Fwp%2Fv2%2Fcomments&post=1595"}],"version-history":[{"count":0,"href":"https:\/\/www.nikonhumors.com\/index.php?rest_route=\/wp\/v2\/posts\/1595\/revisions"}],"wp:attachment":[{"href":"https:\/\/www.nikonhumors.com\/index.php?rest_route=%2Fwp%2Fv2%2Fmedia&parent=1595"}],"wp:term":[{"taxonomy":"category","embeddable":true,"href":"https:\/\/www.nikonhumors.com\/index.php?rest_route=%2Fwp%2Fv2%2Fcategories&post=1595"},{"taxonomy":"post_tag","embeddable":true,"href":"https:\/\/www.nikonhumors.com\/index.php?rest_route=%2Fwp%2Fv2%2Ftags&post=1595"}],"curies":[{"name":"wp","href":"https:\/\/api.w.org\/{rel}","templated":true}]}}