{"id":1578,"date":"2010-12-21T21:21:53","date_gmt":"2010-12-21T21:21:53","guid":{"rendered":"https:\/\/anscharius.wordpress.com\/2010\/12\/21\/dienstag-morgen-vierter-tag\/"},"modified":"2010-12-21T21:21:53","modified_gmt":"2010-12-21T21:21:53","slug":"dienstag-morgen-vierter-tag","status":"publish","type":"post","link":"https:\/\/www.nikonhumors.com\/?p=1578","title":{"rendered":"Dienstag morgen \u2013 Vierter Tag"},"content":{"rendered":"<p>Es ist erstaunlich wie schnell hier die Zeit vergeht, heute ist schon Dienstag und es ist der vierte Tag hier auf Teneriffa. Etwas unterhalb auf den Feldern werden Kartoffeln geerntet. In einer Zeitung habe ich gelesen, dass die letzten schweren St\u00fcrme vielfach die gesamte Ernte an Kartoffeln, Tomaten und anderem Gem\u00fcse vernichtet haben. Wenn man sich anschaut wie viel Arbeit diese Menschen investieren kann man kaum verstehen, dass Kartoffeln im Supermarkt um die Ecke so billig sind. Krass auch, dass ich im Vordergrund der Szenerie einen sch\u00f6nen Pool mit bunten Liegen f\u00fcr die Urlauber zu sehen bekomme\u2026<\/p>\n<p><a href=\"http:\/\/anscharius.files.wordpress.com\/2010\/12\/dsc_0054.jpg\"><img loading=\"lazy\" decoding=\"async\" style=\"background-image:none;padding-left:0;padding-right:0;display:inline;padding-top:0;border-width:0;\" title=\"DSC_0054\" border=\"0\" alt=\"DSC_0054\" src=\"http:\/\/anscharius.files.wordpress.com\/2010\/12\/dsc_0054_thumb.jpg\" width=\"550\" height=\"374\" \/><\/a><\/p>\n<p>Und weil es so sch\u00f6n ist noch eines der ersten Bilder die ich hier mit der frisch reparierten D2x gemacht habe. Es sieht aus als w\u00fcrden die beiden Wolken \u201cH\u00e4ndchen halten\u201d :-)<\/p>\n<p><a href=\"http:\/\/anscharius.files.wordpress.com\/2010\/12\/dsc_0070.jpg\"><img loading=\"lazy\" decoding=\"async\" style=\"background-image:none;padding-left:0;padding-right:0;display:inline;padding-top:0;border-width:0;\" title=\"DSC_0070\" border=\"0\" alt=\"DSC_0070\" src=\"http:\/\/anscharius.files.wordpress.com\/2010\/12\/dsc_0070_thumb.jpg\" width=\"550\" height=\"374\" \/><\/a><\/p>\n<p>Sandra geht es immer noch nicht besser und beim Fr\u00fchst\u00fcck isst sie fast gar nichts. Sie kann kein Essen sehen und trinken mag sie auch nichts. Sie ist nur schlapp und m\u00fcde. Wir beschlie\u00dfen in Puerto de La Cruz einen Arzt aufzusuchen. Der Doc hat mich schon mal gerettet als es mir so ging wie Sandra heute. Damals bin ich sogar im Flieger kurz vor dem Start ohnm\u00e4chtig geworden. Es war wie im Film, als ich wach wurde hatte ich eine Sauerstoffmaske auf der Nase und die Stewardess rief \u201cIst hier ein Arzt, hallo? Haben wir hier einen Arzt an Bord?\u201d Das kennt man ja nur aus amerikanischen Katastrophenfilmen oder \u201cDer Reise im total verr\u00fcckten Flugzeug\u201d. Das mir das mal passieren w\u00fcrde h\u00e4tte ich damals auch nicht gedacht.<\/p>\n<p>In Puerto de La Cruz ist die H\u00f6lle los, Weihnachten steht vor der T\u00fcr! Wir finden keinen Parkplatz und m\u00fcssen vom Playa de Jardin bis zum Plaza de Charco laufen. Sandra wird unterwegs immer langsamer, es f\u00e4llt ihr richtig schwer. Beim Arzt angekommen ist dann alles ausgebucht. Aber sie darf doch bleiben. W\u00e4hrend ich mich mit meinem Fotoapparat am Hafen herumdr\u00fccke bekommt sie eine Infusion und sieht zwei Stunden sp\u00e4ter auch schon deutlich besser aus. Das mag ich so an dieser Insel, man ist hier einfach gut aufgehoben, auch wenn es mal eng wird. Wie das in Mexico oder Guatemala w\u00e4re mag ich mir nicht ausmalen\u2026<\/p>\n<p>Im Hafen ist heftiger Seegang, es liegt kein Boot im Wasser. Aber ich finde einen wirklich todesmutigen Angler, was f\u00fcr ein Kerl!! Wenn der da abrutscht ist er hin, da bin ich mir ziemlich sicher! <\/p>\n<p><a href=\"http:\/\/anscharius.files.wordpress.com\/2010\/12\/dsc3319.jpg\"><img loading=\"lazy\" decoding=\"async\" style=\"background-image:none;padding-left:0;padding-right:0;display:inline;padding-top:0;border-width:0;\" title=\"_DSC3319\" border=\"0\" alt=\"_DSC3319\" src=\"http:\/\/anscharius.files.wordpress.com\/2010\/12\/dsc3319_thumb.jpg\" width=\"550\" height=\"374\" \/><\/a><\/p>\n<p>Das Tele mit Telekonverter erm\u00f6glicht interessante Einblicke in das Leben meiner Mitb\u00fcrger. Hier scheint der linke Typ zu sagen \u201cUnd der Fisch den ich da gefangen habe war mindestens so gro\u00df, wirklich riesig war der!!!\u201d<\/p>\n<p><a href=\"http:\/\/anscharius.files.wordpress.com\/2010\/12\/dsc3237.jpg\"><img loading=\"lazy\" decoding=\"async\" style=\"background-image:none;padding-left:0;padding-right:0;display:inline;padding-top:0;border-width:0;\" title=\"_DSC3237\" border=\"0\" alt=\"_DSC3237\" src=\"http:\/\/anscharius.files.wordpress.com\/2010\/12\/dsc3237_thumb.jpg\" width=\"550\" height=\"374\" \/><\/a><\/p>\n<p>Zum Vergleich was eine kleiner Chip und ein 1.7er Telekonverter an der D300 leisten kann hier die gleiche Szenerie mit einem Weitwinkelobjektiv. Die beiden Typen sind die beiden hellen Pixel da hinten auf der Mauer!<\/p>\n<p><a href=\"http:\/\/anscharius.files.wordpress.com\/2010\/12\/dsc3097.jpg\"><img loading=\"lazy\" decoding=\"async\" style=\"background-image:none;padding-left:0;padding-right:0;display:inline;padding-top:0;border-width:0;\" title=\"_DSC3097\" border=\"0\" alt=\"_DSC3097\" src=\"http:\/\/anscharius.files.wordpress.com\/2010\/12\/dsc3097_thumb.jpg\" width=\"550\" height=\"374\" \/><\/a><\/p>\n<p>Der R\u00fcckweg zum Auto f\u00e4llt Sandra richtig schwer. Aber es scheint aufw\u00e4rts zu gehen. Wir machen einen Zwischenstopp am Restaurant \u201cLa Terazza\u201d oberhalb vom Casa de Dios in der Siedlung Romantica II \u2013 was f\u00fcr eine Ortsangabe :-) Es sieht auf den ersten Blick ziemlich geschlossen aus, aber es ist doch jemand zuhause. Wir erkennen uns auch gleich wieder, ich bin hier immer wieder gern. Der Sturm hat auch hier schlimm gew\u00fctet. Das Tor ist weg, die Sonnenschirme und einige Tische und St\u00fchle hat es auch erwischt. Daher ist die sch\u00f6ne Terrasse heute wie leer gefegt.<\/p>\n<p>Ich g\u00f6nne mir einen warmen Apfelstrudel mit Sahne und Vanilleeis \u2013 der Klassiker hier! Dazu gibt es Deutschen Filterkaffee \u2013 endlich mal\u2026 Sandra trinkt ein alkoholfreies Bier und isst eine Ofenkartoffel, ohne \u201cZubeh\u00f6r\u201d \u2013 das klappt relativ gut. Als wir sp\u00e4ter wieder im Auto sitzen zeigt das Thermometer 28\u00b0C \u2013 hui \u2013 wenn man bedenkt, dass wir bei -5\u00b0C in Bonn gestartet sind, ist das schon ein krasser Unterschied! Und hier ist Winter! <\/p>\n<p>Wieder zur\u00fcck auf der Finca geht Sandra gleich ins Bett und ich habe ein wenig Zeit mal meine Bilder zu sichten und ein bisschen was f\u00fcr mein BLOG zu schreiben. Es ist jetzt gleich 19h, eigentlich w\u00e4re heute eine sch\u00f6ne Vernissage in Puerto de la Cruz auf dem Programm. Aber allein mag ich nicht und Sandra geht es nicht gut. Leider haben wir morgens das Abendmen\u00fc abbestellt \u2013 ich gehe gleich mal schauen ob Caro mir trotzdem was nettes zaubern kann :-)<\/p>\n<p>Wann ich das hier alles publizieren kann wei\u00df ich noch nicht so recht \u2013 daher bitte nicht wundern wenn es irgendwann zeitlich nicht so recht zu einander passt!<\/p>\n<p>Ciao!<\/p>\n","protected":false},"excerpt":{"rendered":"<p>Es ist erstaunlich wie schnell hier die Zeit vergeht, heute ist schon Dienstag und es ist der vierte Tag hier auf Teneriffa. Etwas unterhalb auf den Feldern werden Kartoffeln geerntet. In einer Zeitung habe ich gelesen, dass die letzten schweren St\u00fcrme vielfach die gesamte Ernte an Kartoffeln, Tomaten und anderem Gem\u00fcse vernichtet haben. Wenn man [&hellip;]<\/p>\n","protected":false},"author":2,"featured_media":0,"comment_status":"open","ping_status":"open","sticky":false,"template":"","format":"standard","meta":{"jetpack_post_was_ever_published":false,"_jetpack_newsletter_access":"","_jetpack_dont_email_post_to_subs":false,"_jetpack_newsletter_tier_id":0,"_jetpack_memberships_contains_paywalled_content":false,"_jetpack_memberships_contains_paid_content":false,"footnotes":"","jetpack_publicize_message":"","jetpack_publicize_feature_enabled":true,"jetpack_social_post_already_shared":false,"jetpack_social_options":{"image_generator_settings":{"template":"highway","default_image_id":0,"enabled":false},"version":2}},"categories":[6,13],"tags":[23],"class_list":["post-1578","post","type-post","status-publish","format-standard","hentry","category-fotografie","category-nikon","tag-teneriffa"],"jetpack_publicize_connections":[],"jetpack_featured_media_url":"","jetpack_shortlink":"https:\/\/wp.me\/p2px01-ps","jetpack_sharing_enabled":true,"_links":{"self":[{"href":"https:\/\/www.nikonhumors.com\/index.php?rest_route=\/wp\/v2\/posts\/1578","targetHints":{"allow":["GET"]}}],"collection":[{"href":"https:\/\/www.nikonhumors.com\/index.php?rest_route=\/wp\/v2\/posts"}],"about":[{"href":"https:\/\/www.nikonhumors.com\/index.php?rest_route=\/wp\/v2\/types\/post"}],"author":[{"embeddable":true,"href":"https:\/\/www.nikonhumors.com\/index.php?rest_route=\/wp\/v2\/users\/2"}],"replies":[{"embeddable":true,"href":"https:\/\/www.nikonhumors.com\/index.php?rest_route=%2Fwp%2Fv2%2Fcomments&post=1578"}],"version-history":[{"count":0,"href":"https:\/\/www.nikonhumors.com\/index.php?rest_route=\/wp\/v2\/posts\/1578\/revisions"}],"wp:attachment":[{"href":"https:\/\/www.nikonhumors.com\/index.php?rest_route=%2Fwp%2Fv2%2Fmedia&parent=1578"}],"wp:term":[{"taxonomy":"category","embeddable":true,"href":"https:\/\/www.nikonhumors.com\/index.php?rest_route=%2Fwp%2Fv2%2Fcategories&post=1578"},{"taxonomy":"post_tag","embeddable":true,"href":"https:\/\/www.nikonhumors.com\/index.php?rest_route=%2Fwp%2Fv2%2Ftags&post=1578"}],"curies":[{"name":"wp","href":"https:\/\/api.w.org\/{rel}","templated":true}]}}