{"id":1526,"date":"2010-12-17T18:28:42","date_gmt":"2010-12-17T18:28:42","guid":{"rendered":"https:\/\/anscharius.wordpress.com\/2010\/12\/17\/die-letzten-stunden-in-deutschland\/"},"modified":"2010-12-17T18:28:42","modified_gmt":"2010-12-17T18:28:42","slug":"die-letzten-stunden-in-deutschland","status":"publish","type":"post","link":"https:\/\/www.nikonhumors.com\/?p=1526","title":{"rendered":"Die letzten Stunden in Deutschland"},"content":{"rendered":"<p>Es ist Freitagmorgen als ich um 9h mit einem irren Brummsch\u00e4del wach werde. Was ist das nur wieder, ich werde echt nicht j\u00fcnger. Den ganzen Tag schleiche ich in der Bude herum, suche meine sieben Sachen zusammen und packe so mehr schlecht als recht meinen Koffer.<\/p>\n<p>Kurz vor 18h dann schnell in die Stadt um Sandra am Bahnhof abzuholen. Sie ist nur ein Schatten ihrer selbst. Als letzte Amtshandlung des Jahres hat sie noch an der Verabschiedung einiger Kollegen teilgenommen und sich dabei ganz heftig den Magen verdorben. Die Fahrt mit dem Zug nach Bonn war ihre kleine private H\u00f6lle. Als wir dann endlich um kurz nach 18h im Auto sitzen wollen wir nur noch weg. Raus aus dem ganzen erk\u00e4lteten fiesen Matsch und Schnee. Man kann es kaum in Worte fassen wie wir uns auf Jo und Caro freuen. Zwei Wochen Sonne, Meer, Gebirge, Wandern und Fotografieren, Yeah!!<\/p>\n<p>Einmal noch schlafen, dann geht es los zum Flughafen. Hoffentlich geht es Sandra morgen wieder besser. 2008 bin ich auf dem Weg nach Teneriffa kurz vor dem Start im Flieger ohnm\u00e4chtig geworden. Gleiches Ding, Abends noch schnell zum McDonalds auf einen Burger mit Fritten und Mayo. 60 Minuten sp\u00e4ter dann Durchfall, Kotzen bis zur totalen Ersch\u00f6pfung \u2013 was \u00e4tzend.<\/p>\n<p>Hoffentlich geht es Sandra morgen wieder besser.<\/p>\n<p><a href=\"http:\/\/anscharius.files.wordpress.com\/2010\/12\/teneriffa-2010-23.jpg\"><img loading=\"lazy\" decoding=\"async\" style=\"background-image:none;border-bottom:0;border-left:0;padding-left:0;padding-right:0;display:inline;border-top:0;border-right:0;padding-top:0;\" title=\"Teneriffa-2010-23\" border=\"0\" alt=\"Teneriffa-2010-23\" src=\"http:\/\/anscharius.files.wordpress.com\/2010\/12\/teneriffa-2010-23_thumb.jpg\" width=\"550\" height=\"504\" \/><\/a><\/p>\n<p>Hier noch eine kleine Urlaubsvorfreudenimpression \u2013 der Pico dle Teide mit Weitwinkel :-)<\/p>\n<p>M\u00e4rz 2010 \u2013 Hasselblad SWC und Fuji Velvia 50<\/p>\n<p>&#160;<\/p>\n<p>Moment, einen habe ich noch \u2013 weil es so sch\u00f6n ist :-)<\/p>\n<p><a href=\"http:\/\/anscharius.files.wordpress.com\/2010\/12\/17404909.jpg\"><img loading=\"lazy\" decoding=\"async\" style=\"background-image:none;border-bottom:0;border-left:0;padding-left:0;padding-right:0;display:inline;border-top:0;border-right:0;padding-top:0;\" title=\"17404909\" border=\"0\" alt=\"17404909\" src=\"http:\/\/anscharius.files.wordpress.com\/2010\/12\/17404909_thumb.jpg\" width=\"550\" height=\"374\" \/><\/a><\/p>\n","protected":false},"excerpt":{"rendered":"<p>Es ist Freitagmorgen als ich um 9h mit einem irren Brummsch\u00e4del wach werde. Was ist das nur wieder, ich werde echt nicht j\u00fcnger. Den ganzen Tag schleiche ich in der Bude herum, suche meine sieben Sachen zusammen und packe so mehr schlecht als recht meinen Koffer. Kurz vor 18h dann schnell in die Stadt um [&hellip;]<\/p>\n","protected":false},"author":2,"featured_media":0,"comment_status":"open","ping_status":"open","sticky":false,"template":"","format":"standard","meta":{"jetpack_post_was_ever_published":false,"_jetpack_newsletter_access":"","_jetpack_dont_email_post_to_subs":false,"_jetpack_newsletter_tier_id":0,"_jetpack_memberships_contains_paywalled_content":false,"_jetpack_memberships_contains_paid_content":false,"footnotes":"","jetpack_publicize_message":"","jetpack_publicize_feature_enabled":true,"jetpack_social_post_already_shared":false,"jetpack_social_options":{"image_generator_settings":{"template":"highway","default_image_id":0,"enabled":false},"version":2}},"categories":[6,13],"tags":[153,294,22,154,23],"class_list":["post-1526","post","type-post","status-publish","format-standard","hentry","category-fotografie","category-nikon","tag-kanarische-inseln","tag-nikon","tag-reisen","tag-tenerife","tag-teneriffa"],"jetpack_publicize_connections":[],"jetpack_featured_media_url":"","jetpack_shortlink":"https:\/\/wp.me\/p2px01-oC","jetpack_sharing_enabled":true,"_links":{"self":[{"href":"https:\/\/www.nikonhumors.com\/index.php?rest_route=\/wp\/v2\/posts\/1526","targetHints":{"allow":["GET"]}}],"collection":[{"href":"https:\/\/www.nikonhumors.com\/index.php?rest_route=\/wp\/v2\/posts"}],"about":[{"href":"https:\/\/www.nikonhumors.com\/index.php?rest_route=\/wp\/v2\/types\/post"}],"author":[{"embeddable":true,"href":"https:\/\/www.nikonhumors.com\/index.php?rest_route=\/wp\/v2\/users\/2"}],"replies":[{"embeddable":true,"href":"https:\/\/www.nikonhumors.com\/index.php?rest_route=%2Fwp%2Fv2%2Fcomments&post=1526"}],"version-history":[{"count":0,"href":"https:\/\/www.nikonhumors.com\/index.php?rest_route=\/wp\/v2\/posts\/1526\/revisions"}],"wp:attachment":[{"href":"https:\/\/www.nikonhumors.com\/index.php?rest_route=%2Fwp%2Fv2%2Fmedia&parent=1526"}],"wp:term":[{"taxonomy":"category","embeddable":true,"href":"https:\/\/www.nikonhumors.com\/index.php?rest_route=%2Fwp%2Fv2%2Fcategories&post=1526"},{"taxonomy":"post_tag","embeddable":true,"href":"https:\/\/www.nikonhumors.com\/index.php?rest_route=%2Fwp%2Fv2%2Ftags&post=1526"}],"curies":[{"name":"wp","href":"https:\/\/api.w.org\/{rel}","templated":true}]}}