{"id":1523,"date":"2010-12-16T21:39:42","date_gmt":"2010-12-16T21:39:42","guid":{"rendered":"https:\/\/anscharius.wordpress.com\/2010\/12\/16\/teneriffaimmer-wieder\/"},"modified":"2010-12-16T21:39:42","modified_gmt":"2010-12-16T21:39:42","slug":"teneriffaimmer-wieder","status":"publish","type":"post","link":"https:\/\/www.nikonhumors.com\/?p=1523","title":{"rendered":"Teneriffa\u2013Immer wieder\u2026"},"content":{"rendered":"<p>Ich glaube es war wohl 2003 als ich das erste Mal die gr\u00f6\u00dfte der kanarischen Inseln besucht habe. Im Jahr darauf war ich auf Gran Canaria, auch sch\u00f6n, aber Teneriffa hat mich in ihren Bann geschlagen. Als im Winter 2005 neuen Jahre Unternehmensberatung bei Mummert + Partner zu Ende gingen, habe ich diese Insel allein besucht. Mein erster Urlaub in dem ich gaaaanz allein war. Manchmal war es frustig, aber ich habe viele lustige Leute kennen gelernt und ich erinnere mich noch heute gern an die Abende mit Pepe an der Rezeption im Hotel Marte in Puerto de la Cruz.<\/p>\n<p>\u201cUna botella de vino tinto por favor\u201d (Ich h\u00e4tte gern eine Flasche Rotwein)<\/p>\n<p>\u201cQuiero un gran vaso de cerveza fr\u00eda\u201d (Ein kaltes Bier w\u00e4re jetzt nicht schlecht)<\/p>\n<p>Gebloggt habe ich damals noch nicht, jedenfalls nicht so richtig \u2013 ein wenig aber doch\u2026 Praktisch jeden Abend habe ich meine Fotos durchgeschaut, ein oder zwei Bilder ausgeguckt und sie dann auf einen USB-Stick kopiert. Mit diesem Stick bin ich dann in das Foyer des Hotels gewandert und habe dort f\u00fcr 4 Euro die Stunde meinen \u201cBlog\u201d live in die fotocommunity geschrieben. Das war witzig und es gab so viel Feedback, dass ich gar nicht wirklich allein war.<\/p>\n<p>So sah das damals aus:<\/p>\n<p><a title=\"http:\/\/www.fotocommunity.de\/pc\/pc\/pcat\/165591\" href=\"http:\/\/www.fotocommunity.de\/pc\/pc\/pcat\/165591\">http:\/\/www.fotocommunity.de\/pc\/pc\/pcat\/165591<\/a><\/p>\n<p>Schon damals habe ich mich mit mehreren Kameras abgeschleppt. Meine D2x war noch ganz ganz neu und die F5 war mir schon sehr ans herz gewachsen. Wenn man heute dar\u00fcber nachdenkt was ich da alles so durch die Gegen geschleppt habe :-)<\/p>\n<p>Aber es war witzig und Dias wie dieses hier haben f\u00fcr die M\u00fche entsch\u00e4digt.<\/p>\n<p><a href=\"http:\/\/anscharius.files.wordpress.com\/2010\/12\/6691154.jpg\"><img loading=\"lazy\" decoding=\"async\" style=\"background-image:none;padding-left:0;padding-right:0;display:inline;padding-top:0;border:0;\" title=\"6691154\" src=\"http:\/\/anscharius.files.wordpress.com\/2010\/12\/6691154_thumb.jpg\" border=\"0\" alt=\"6691154\" width=\"550\" height=\"835\" \/><\/a><\/p>\n<p>Wasser auf dem Mond \u2013 Mensch war ich damals aus dem H\u00e4uschen! All die Jahre sp\u00e4ter war alles immer nur trocken. Aber damals im Winter 2005 gab es einen Tropensturm \u2013 DELTA \u2013 und der hatte es in sich! Nicht nur, dass er Wasser auf den Mond gebracht hat, er hat auch die gesamte Stromversorgung des s\u00fcdlichen Teils der Insel lahm gelegt. War das ein Chaos!<\/p>\n<p>So wie hier sah das damals aus: <a title=\"http:\/\/www.fotocommunity.de\/pc\/pc\/extra\/egallery\/pcat\/165591\/display\/4574510\" href=\"http:\/\/www.fotocommunity.de\/pc\/pc\/extra\/egallery\/pcat\/165591\/display\/4574510\">http:\/\/www.fotocommunity.de\/pc\/pc\/extra\/egallery\/pcat\/165591\/display\/4574510<\/a><\/p>\n<p>Im letzten Winter gab es wieder einen schweren Sturm und damals gab es wieder Wasser auf dem Mond. Ich erinnere mich noch gut daran. Zwei meiner Fotos wurden sogar in einer Zeitung abgedruckt.<\/p>\n<p><a title=\"http:\/\/issuu.com\/clevercomunicacion\/docs\/megawelle_issue_02-2010_web\" href=\"http:\/\/issuu.com\/clevercomunicacion\/docs\/megawelle_issue_02-2010_web\">http:\/\/issuu.com\/clevercomunicacion\/docs\/megawelle_issue_02-2010_web<\/a><\/p>\n<p>An diesem Abend waren Sandra und ich fast allein dort oben am Pico del Teide. Viele Fotografen waren seit dem dort oben auf der \u201cJagt nach einem See den es nicht mehr gibt\u201d \u2013 wir haben ihn gesehen \u2013 was f\u00fcr ein gl\u00fccklicher Zufall :-)<\/p>\n<p>Ich kann mich noch recht gut daran erinnern wie es langsam dunkel wurde, das Licht von Minute zu Minute sch\u00f6ner wurde und Sandra frierend und mosernd zum Auto marschiert ist. Ich glaube inzwischen hat sie meine Euphorie verstanden. Hier zwei Bilder zum Vergleich, zwischen denen etwa 60 Minuten verstrichen sind.<\/p>\n<p><a href=\"http:\/\/anscharius.files.wordpress.com\/2010\/12\/mondsee.jpg\"><img loading=\"lazy\" decoding=\"async\" style=\"background-image:none;padding-left:0;padding-right:0;display:inline;padding-top:0;border-width:0;\" title=\"Mondsee\" src=\"http:\/\/anscharius.files.wordpress.com\/2010\/12\/mondsee_thumb.jpg\" border=\"0\" alt=\"Mondsee\" width=\"550\" height=\"204\" \/><\/a><\/p>\n<p>Ist dieses Foto hier nicht viel cooler?<\/p>\n<p><a href=\"http:\/\/anscharius.files.wordpress.com\/2010\/12\/dsc3891_2_3_4_5_6_7.jpg\"><img loading=\"lazy\" decoding=\"async\" style=\"background-image:none;padding-left:0;padding-right:0;display:inline;padding-top:0;border:0;\" title=\"_DSC3891_2_3_4_5_6_7\" src=\"http:\/\/anscharius.files.wordpress.com\/2010\/12\/dsc3891_2_3_4_5_6_7_thumb.jpg\" border=\"0\" alt=\"_DSC3891_2_3_4_5_6_7\" width=\"550\" height=\"374\" \/><\/a><\/p>\n<p>Nun im Winter 2010 ist heute mein letzter Arbeitstag f\u00fcr dieses Jahr und das ist auch gut so \u2013 es war alles ziemlich anstrengend. Nun freue ich mich nur noch auf ein paar Tage auf der Finca von Jo und Caro, auf das gute Essen, den tollen Wein, die warme Sonne und die entspannten Leute.<\/p>\n<p><a href=\"http:\/\/www.finca-san-juan.com\">http:\/\/www.finca-san-juan.com<\/a><\/p>\n<p>Das Haus La Palma haben wir ja schon im Fr\u00fchjahr kennen gelernt. Und dort d\u00fcrfen wir nun die n\u00e4chsten beiden Wochen verbringen. Das ist so cool\u2026<\/p>\n<p><a title=\"http:\/\/www.finca-san-juan.com\/casas\/palma.php\" href=\"http:\/\/www.finca-san-juan.com\/casas\/palma.php\">http:\/\/www.finca-san-juan.com\/casas\/palma.php<\/a><\/p>\n<p>Eben habe ich mal kurz das neue Handy in das Badezimmer gehalten \u2013 eine \u201ckleine Hemdenparade\u201d \u2013 morgen ist alles trocken und kommt dann zum Teil in den Koffer. Viele Hemden mit langen \u00c4rmeln werde ich nicht brauchen, auf Teneriffa haben wir zwischen 18 und 25\u00b0C<\/p>\n<p><a href=\"http:\/\/anscharius.files.wordpress.com\/2010\/12\/156367_114741268595985_100001803380925_97668_7855603_n.jpg\"><img loading=\"lazy\" decoding=\"async\" style=\"background-image:none;padding-left:0;padding-right:0;display:inline;padding-top:0;border:0;\" title=\"156367_114741268595985_100001803380925_97668_7855603_n\" src=\"http:\/\/anscharius.files.wordpress.com\/2010\/12\/156367_114741268595985_100001803380925_97668_7855603_n_thumb.jpg\" border=\"0\" alt=\"156367_114741268595985_100001803380925_97668_7855603_n\" width=\"550\" height=\"330\" \/><\/a><\/p>\n<p>Ein wenig erinnert mich das alles an die Vorbereitungen f\u00fcr meine USA Reise im Februar 2009. Damals wollte der Koffer nicht so recht zu gehen. Ich habe alles geb\u00fcgelt, denn so hat das alles ein bisschen weniger Raum im Koffer ben\u00f6tigt. Auch wenn ich das B\u00fcgeln von Hemden echt hasse, damals hat es Spa\u00df gemacht. Mal sehen ob es morgen notwendig wird ;-)<\/p>\n<p>Damals im Winter 2005 habe ich morgens um kurz nach 6h immer fast allein zusammen mit einer echt netten alten Dame gefr\u00fchst\u00fcckt. Sie hat mir damals erz\u00e4hlt, dass sie schon seit 17 Jahren immer wieder im Winter in dieses Hotel kommt. Inzwischen leider allein, weil ihr Mann seit ein paar Jahren keine Lust mehr hat. Sie ist jeden Morgen schr\u00e4g gegen\u00fcber des Hotels am Busbahnhof zu einem Wandertreff gegangen. Dann mit dem Bus ins Anaga-Gebirge, oder was anderes was sch\u00f6n war. Dort ist sie den ganzen Tag bergauf und bergab gewandert um sich damit ihren Lebensabend zu versch\u00f6nern.<\/p>\n<p>Ich habe sie damals ob ihrer Konsequenz bewundert und beschlossen es ihr vielleicht einmal gleich zu tun wenn es nur finanzierbar ist. Im Winter im T-Shirt im Gebirge wandern gehen und dabei die Meeresluft des Atlantiks atmen, was kann es sch\u00f6neres geben?<\/p>\n<p>Ein paar Jahre danach habe ich dann \u00fcber die FC Edith, Karin, Wolfgang, Jeannette, G\u00fcnther und die vielen anderen Residenten kennen gelernt. Die machen das genau richtig!!<\/p>\n<p>Was f\u00fcr ein Lebenstraum.<\/p>\n<p>Aber vor den Urlaub haben die G\u00f6tter das Kofferpacken gesetzt und dazu geh\u00f6rt auch seine sieben Sachen zusammen zu suchen. Damit fange ich jetzt einfach mal an.<\/p>\n<p>Hier noch ein par Impressionen fr\u00fcherer Reisen:<\/p>\n<p><a href=\"http:\/\/anscharius.files.wordpress.com\/2010\/12\/dsc_7584-iv.jpg\"><img loading=\"lazy\" decoding=\"async\" style=\"background-image:none;padding-left:0;padding-right:0;display:inline;padding-top:0;border:0;\" title=\"DSC_7584-IV\" src=\"http:\/\/anscharius.files.wordpress.com\/2010\/12\/dsc_7584-iv_thumb.jpg\" border=\"0\" alt=\"DSC_7584-IV\" width=\"240\" height=\"163\" \/><\/a> <a href=\"http:\/\/anscharius.files.wordpress.com\/2010\/12\/dsc_0035-nc.jpg\"><img loading=\"lazy\" decoding=\"async\" style=\"background-image:none;padding-left:0;padding-right:0;display:inline;padding-top:0;border:0;\" title=\"DSC_0035-NC\" src=\"http:\/\/anscharius.files.wordpress.com\/2010\/12\/dsc_0035-nc_thumb.jpg\" border=\"0\" alt=\"DSC_0035-NC\" width=\"240\" height=\"163\" \/><\/a><\/p>\n<p>Die Spitze des Pico del Teide mit 600er Teleobjektiv und Masca am Morgen.<\/p>\n<p><a href=\"http:\/\/anscharius.files.wordpress.com\/2010\/12\/dsc_0249.jpg\"><img loading=\"lazy\" decoding=\"async\" style=\"background-image:none;padding-left:0;padding-right:0;display:inline;padding-top:0;border:0;\" title=\"DSC_0249\" src=\"http:\/\/anscharius.files.wordpress.com\/2010\/12\/dsc_0249_thumb.jpg\" border=\"0\" alt=\"DSC_0249\" width=\"240\" height=\"163\" \/><\/a> <a href=\"http:\/\/anscharius.files.wordpress.com\/2010\/12\/dsc_0541.jpg\"><img loading=\"lazy\" decoding=\"async\" style=\"background-image:none;padding-left:0;padding-right:0;display:inline;padding-top:0;border:0;\" title=\"DSC_0541\" src=\"http:\/\/anscharius.files.wordpress.com\/2010\/12\/dsc_0541_thumb.jpg\" border=\"0\" alt=\"DSC_0541\" width=\"240\" height=\"163\" \/><\/a><\/p>\n<p>Eine Schildkr\u00f6te beim Sonnenbad im Jardin Botanico und ein paar Felsen bei Puerto de la Cruz.<\/p>\n<p><a href=\"http:\/\/anscharius.files.wordpress.com\/2010\/12\/dsc_0878.jpg\"><img loading=\"lazy\" decoding=\"async\" style=\"background-image:none;padding-left:0;padding-right:0;display:inline;padding-top:0;border:0;\" title=\"DSC_0878\" src=\"http:\/\/anscharius.files.wordpress.com\/2010\/12\/dsc_0878_thumb.jpg\" border=\"0\" alt=\"DSC_0878\" width=\"240\" height=\"163\" \/><\/a> <a href=\"http:\/\/anscharius.files.wordpress.com\/2010\/12\/dsc_8513.jpg\"><img loading=\"lazy\" decoding=\"async\" style=\"background-image:none;padding-left:0;padding-right:0;display:inline;padding-top:0;border:0;\" title=\"DSC_8513\" src=\"http:\/\/anscharius.files.wordpress.com\/2010\/12\/dsc_8513_thumb.jpg\" border=\"0\" alt=\"DSC_8513\" width=\"240\" height=\"163\" \/><\/a><\/p>\n<p>Nachts im Anaga-Gebirge am Pico del Ingles \u2013 sehr cool war das!!<\/p>\n<p><a href=\"http:\/\/anscharius.files.wordpress.com\/2010\/12\/dsc_0942.jpg\"><img loading=\"lazy\" decoding=\"async\" style=\"background-image:none;padding-left:0;padding-right:0;display:inline;padding-top:0;border:0;\" title=\"DSC_0942\" src=\"http:\/\/anscharius.files.wordpress.com\/2010\/12\/dsc_0942_thumb.jpg\" border=\"0\" alt=\"DSC_0942\" width=\"240\" height=\"162\" \/><\/a> <a href=\"http:\/\/anscharius.files.wordpress.com\/2010\/12\/dsc_1015.jpg\"><img loading=\"lazy\" decoding=\"async\" style=\"background-image:none;padding-left:0;padding-right:0;display:inline;padding-top:0;border:0;\" title=\"DSC_1015\" src=\"http:\/\/anscharius.files.wordpress.com\/2010\/12\/dsc_1015_thumb.jpg\" border=\"0\" alt=\"DSC_1015\" width=\"240\" height=\"163\" \/><\/a><\/p>\n<p>Abends im Hafen von Puerto de la Cruz.<\/p>\n<p><a href=\"http:\/\/anscharius.files.wordpress.com\/2010\/12\/dsc_7716.jpg\"><img loading=\"lazy\" decoding=\"async\" style=\"background-image:none;padding-left:0;padding-right:0;display:inline;padding-top:0;border:0;\" title=\"DSC_7716\" src=\"http:\/\/anscharius.files.wordpress.com\/2010\/12\/dsc_7716_thumb.jpg\" border=\"0\" alt=\"DSC_7716\" width=\"240\" height=\"163\" \/><\/a> <a href=\"http:\/\/anscharius.files.wordpress.com\/2010\/12\/dsc_9258-ps.jpg\"><img loading=\"lazy\" decoding=\"async\" style=\"background-image:none;padding-left:0;padding-right:0;display:inline;padding-top:0;border:0;\" title=\"DSC_9258-PS\" src=\"http:\/\/anscharius.files.wordpress.com\/2010\/12\/dsc_9258-ps_thumb.jpg\" border=\"0\" alt=\"DSC_9258-PS\" width=\"240\" height=\"163\" \/><\/a><\/p>\n<p>Die Weisse Ondlandschaft und ein Blick vom Pico del Teide r\u00fcber nach La Gomera und La Palma.<\/p>\n<p><a href=\"http:\/\/anscharius.files.wordpress.com\/2010\/12\/dsc_8749.jpg\"><img loading=\"lazy\" decoding=\"async\" style=\"background-image:none;padding-left:0;padding-right:0;display:inline;padding-top:0;border:0;\" title=\"DSC_8749\" src=\"http:\/\/anscharius.files.wordpress.com\/2010\/12\/dsc_8749_thumb.jpg\" border=\"0\" alt=\"DSC_8749\" width=\"240\" height=\"163\" \/><\/a> <a href=\"http:\/\/anscharius.files.wordpress.com\/2010\/12\/teneriffa-2010-22.jpg\"><img loading=\"lazy\" decoding=\"async\" style=\"background-image:none;padding-left:0;padding-right:0;display:inline;padding-top:0;border:0;\" title=\"Teneriffa-2010-22\" src=\"http:\/\/anscharius.files.wordpress.com\/2010\/12\/teneriffa-2010-22_thumb.jpg\" border=\"0\" alt=\"Teneriffa-2010-22\" width=\"240\" height=\"179\" \/><\/a><\/p>\n<p>Zu Weihnachten gibt es in Puerto de la Cruz eine sch\u00f6ne Kirmes. Und noch ein Sonnenuntergang an der Westseite des Pico de Teide mit Blick auf La Gomera \u2013 etwa 2000m hoch \u00fcber dem Meer &#8211; wunderbar!<\/p>\n<p>Hier habe ich eine <a href=\"http:\/\/cid-eab5c6b74ac48440.photos.live.com\/play.aspx\/Teneriffa%202010-2011?ref=1\" target=\"_blank\">kleine Diashow angelegt<\/a>.<\/p>\n","protected":false},"excerpt":{"rendered":"<p>Ich glaube es war wohl 2003 als ich das erste Mal die gr\u00f6\u00dfte der kanarischen Inseln besucht habe. Im Jahr darauf war ich auf Gran Canaria, auch sch\u00f6n, aber Teneriffa hat mich in ihren Bann geschlagen. Als im Winter 2005 neuen Jahre Unternehmensberatung bei Mummert + Partner zu Ende gingen, habe ich diese Insel allein [&hellip;]<\/p>\n","protected":false},"author":2,"featured_media":0,"comment_status":"open","ping_status":"open","sticky":false,"template":"","format":"standard","meta":{"jetpack_post_was_ever_published":false,"_jetpack_newsletter_access":"","_jetpack_dont_email_post_to_subs":false,"_jetpack_newsletter_tier_id":0,"_jetpack_memberships_contains_paywalled_content":false,"_jetpack_memberships_contains_paid_content":false,"footnotes":"","jetpack_publicize_message":"","jetpack_publicize_feature_enabled":true,"jetpack_social_post_already_shared":false,"jetpack_social_options":{"image_generator_settings":{"template":"highway","default_image_id":0,"enabled":false},"version":2}},"categories":[6,30,13],"tags":[23],"class_list":["post-1523","post","type-post","status-publish","format-standard","hentry","category-fotografie","category-hasselblad","category-nikon","tag-teneriffa"],"jetpack_publicize_connections":[],"jetpack_featured_media_url":"","jetpack_shortlink":"https:\/\/wp.me\/p2px01-oz","jetpack_sharing_enabled":true,"_links":{"self":[{"href":"https:\/\/www.nikonhumors.com\/index.php?rest_route=\/wp\/v2\/posts\/1523","targetHints":{"allow":["GET"]}}],"collection":[{"href":"https:\/\/www.nikonhumors.com\/index.php?rest_route=\/wp\/v2\/posts"}],"about":[{"href":"https:\/\/www.nikonhumors.com\/index.php?rest_route=\/wp\/v2\/types\/post"}],"author":[{"embeddable":true,"href":"https:\/\/www.nikonhumors.com\/index.php?rest_route=\/wp\/v2\/users\/2"}],"replies":[{"embeddable":true,"href":"https:\/\/www.nikonhumors.com\/index.php?rest_route=%2Fwp%2Fv2%2Fcomments&post=1523"}],"version-history":[{"count":0,"href":"https:\/\/www.nikonhumors.com\/index.php?rest_route=\/wp\/v2\/posts\/1523\/revisions"}],"wp:attachment":[{"href":"https:\/\/www.nikonhumors.com\/index.php?rest_route=%2Fwp%2Fv2%2Fmedia&parent=1523"}],"wp:term":[{"taxonomy":"category","embeddable":true,"href":"https:\/\/www.nikonhumors.com\/index.php?rest_route=%2Fwp%2Fv2%2Fcategories&post=1523"},{"taxonomy":"post_tag","embeddable":true,"href":"https:\/\/www.nikonhumors.com\/index.php?rest_route=%2Fwp%2Fv2%2Ftags&post=1523"}],"curies":[{"name":"wp","href":"https:\/\/api.w.org\/{rel}","templated":true}]}}