{"id":106,"date":"2009-03-04T06:15:16","date_gmt":"2009-03-04T05:15:16","guid":{"rendered":"http:\/\/anscharius.wordpress.com\/2009\/03\/04\/the-wave-%e2%80%93-oder-warum-permits-ok-sind"},"modified":"2009-03-04T06:15:16","modified_gmt":"2009-03-04T05:15:16","slug":"the-wave-oder-warum-permits-ok-sind","status":"publish","type":"post","link":"https:\/\/www.nikonhumors.com\/?p=106","title":{"rendered":"The Wave \u2013 Oder: Warum Permits ok sind"},"content":{"rendered":"<div id=\"msgcns!EAB5C6B74AC48440!503\" class=\"bvMsg\">\n<p>Heute war der Tag der Tage! Und am Ende dieses Tages bin ich so fertig, dass ich kaum noch Piep sagen kann. Die Wave ist ja nicht so sehr weit vom Trail-Head entfernt , aber wenn man dort den ganzen Tage verbringt, komplettes Marschgep\u00e4ck hinschleppt und dann auch noch mehrere Kameras und eine kleine Kollektion von Objektiven dabei hat, dann wird es anstrengend.<\/p>\n<p>Wolfgang ist da viel cooler, er ist wie immer auf alles bestens vorbereitet. Er hat ein Superzoom an der Kamera und fertig. Damit der Sand das Ding nicht zerst\u00f6rt gibt es einen leichten Beutel, fertig. Im Rucksack sind Getr\u00e4nke und Fressalien, keine Fotosachen \u2013 auch fertig. Auf halbem Wege zieht der die warmen Sachen aus, legt sie auf den Boden, etwas zu Trinken dazu und einen perfekt laminierten Hinweis, dass er das alles abends wieder abholen wird. \u201cBe prepared \u2013 von ihm kann man was lernen!\u201d Die Sachen waren \u00fcbrigens abends noch da und es hatte auch niemand den Apfelsaft ausgetrunken! Es funktioniert \u2013 Be Prepared!<\/p>\n<p>Nach \u201cNever Hike Alone!\u201d kenne ich nun schon eine zweite wichtigen Redewendung: \u201cBe Prepared!\u201d<\/p>\n<h3>Be Prepared<\/h3>\n<p>Ja, was hei\u00dft das eigentlich? Ich denke es ist im wesentlichen die Erfahrung aus 20 Jahren USA. Doch auch der USA-Youngster kann sich besser vorbereiten. Gestern wollte ich einen Schritt in diese Richtung unternehmen und die Festplatte mit meinen wertvollen Bilddateien vor unberechtigtem Zugriff sch\u00fctzen. Das hat funktioniert \u2013 leider so gut, dass ich sei heute nicht mehr wieder finde. Sie ist sicher irgendwo aber wo? Wenn man schon was versteckt sollte man sich auch merken wo man es gelassen hat. Meine Bilder der letzten Tage sind jedenfalls derzeit erst einmal WEG!<\/p>\n<p>Was mir gerade zum Thema \u201cBe Prepared!\u201d noch einf\u00e4llt. Gestern bei den Coyote Buttes haben wir einen alten Mann getroffen. Er hat Wolfgang erz\u00e4hlt, dass er schon vor 40 Jahren das erste Mal bei der Wave war. Damals gab es noch keine Stra\u00dfe dorthin und er ist mit einem ortskundigen F\u00fchrer losmarschiert. Der F\u00fchrer hat damals 500$ f\u00fcr diesen Hike verlangt. Gemessen daran sind untere 2&#215;7 Bucks und mehrere 15 Minuten ein Klacks! Man bedenke, das ist 40 Jahre her!<\/p>\n<p>Und noch was f\u00e4llt mir ein. Einige der Besucher wohnen direkt um die Ecke und wussten nicht, dass hinter der Wave noch die Second Wave liegt. Schlechte Vorbereitung schr\u00e4nkt den Horizont ein! (Was ich wohl im Leben alles nicht gesehen habe, was ich h\u00e4tte sehen k\u00f6nnen????)<\/p>\n<h3>The Wave<\/h3>\n<p>Wie dem auch sei, der Tag begann um 7h \u2013 Z\u00e4hneputzen \u2013 K\u00f6rperpflege \u2013 Eating Right \u2013 Schuhe anziehen und los\u2026 Wolfgang hat schon gewartet. Meine Uhr ging nach! Bei all dem Hin- und Her mit Zeitzonen und 28 Tagen im Monat ist der Minutenzeiger locker um 10 Minuten verrutscht. Das hat dann unsere gesamte Planung ins Wanken gebracht. Ein wenig was konnten wir aufholen, aber Im Steakhaus waren wir 6 Minuten zu sp\u00e4t!!<\/p>\n<p>Diesmal sind wir mit Wolfgangs komfortablen Toyota zum Trailhead gefahren. Das war witzig, denn auf dem R\u00fcckweg konnte ich jeden Grashalm filmen! Au\u00dferdem liegt der Toyota besser auf der Stra\u00dfe als der Nissan XTerra \u2013 es ist auch eine andere Kategorie! Jedenfalls sind wir mit Warp-Geschwindigkeit zu Wave gefahren und haben zwischendurch mehrere Autos \u00fcberholt. Vom Trailhead ging es dann los. Ich dachte man m\u00fcsste nur kurz um den Berg laufen und da w\u00e4re dann schon alles. Weit gefehlt! Eigentlich ist dieser Beauty Point nichts f\u00fcr echte Amerikaner, denn er er ist deutlich mehr als 50m von ihrem Auto entfernt. Ich kam jedenfalls ganz sch\u00f6n ins Schwitzen und die Schultern tun immer noch weg! Der Weg war dann doch etwas weiter und mit dem ganzen Fotokrams f\u00fcr einen untrainierten Schnellklicker anstrengend! Ok, es gibt \u2013 aber ich muss gleich dringend duschen! :-)<\/p>\n<p>Wolfgang hat mich dabei immer wieder an meine Kindheit erinnert. Immer wenn ich so richtig fertig aussah hat er mich aufgemuntert und gesagt \u201cNa los jetzt, es sind nur noch 15 Minuten!!\u201d Es hat gewirkt und nach 5 oder 6 mal 15 Minuten waren wir auch schon da!<\/p>\n<p><a rel=\"WLPP\" href=\"http:\/\/anscharius.files.wordpress.com\/2009\/03\/dsc05015b25d.jpg\"><img loading=\"lazy\" decoding=\"async\" style=\"display:inline;border-width:0;\" title=\"_DSC0501\" src=\"http:\/\/anscharius.files.wordpress.com\/2009\/03\/dsc05015b25d.jpg?w=300\" border=\"0\" alt=\"_DSC0501\" width=\"244\" height=\"163\" \/><\/a> <a rel=\"WLPP\" href=\"http:\/\/anscharius.files.wordpress.com\/2009\/03\/dsc05305b25d.jpg\"><img loading=\"lazy\" decoding=\"async\" style=\"display:inline;border-width:0;\" title=\"_DSC0530\" src=\"http:\/\/anscharius.files.wordpress.com\/2009\/03\/dsc05305b25d.jpg?w=300\" border=\"0\" alt=\"_DSC0530\" width=\"244\" height=\"163\" \/><\/a> <a rel=\"WLPP\" href=\"http:\/\/anscharius.files.wordpress.com\/2009\/03\/dsc05575b25d.jpg\"><img loading=\"lazy\" decoding=\"async\" style=\"display:inline;border-width:0;\" title=\"_DSC0557\" src=\"http:\/\/anscharius.files.wordpress.com\/2009\/03\/dsc05575b25d.jpg?w=300\" border=\"0\" alt=\"_DSC0557\" width=\"244\" height=\"163\" \/><\/a><\/p>\n<p>Unterwegs haben uns dann die Leute \u00fcberholt die wir zuvor mit dem Toyota abgeh\u00e4ngt hatten. Wir haben ein wenig Smalltalk gehalten und die \u00fcbliche Frage \u201cWhere are you from?\u201d beantwortet. Wolfgang ist das schon sehr professionell und sagt immer er k\u00e4me aus der N\u00e4he von Frankfurt \u2013 denn Frankfurt kennen die meisten Wanderer die man im S\u00fcdwesten so treffen kann. Jedenfalls war es lustig, dass einer der Amerikaner gleich nach gefragt hat ober Wolfgang vielleicht aus Mainz kommt. Schlie\u00dflich ist Mainz in der N\u00e4he von Frankfurt! Da habe ich dann eingehakt und erz\u00e4hlt, dass ich schon oft in Mainz war! \u201cWhen have you been to Mainz?\u201d \u201cI think you were not born then, it was in 1965!!\u201d \u201cNot really, I was one year old!\u201d Danach ging dann die Rechnerei los, irgendwer aus der Truppe war schon 1960 in Deutschland, f\u00fcnf Jahre bevor ich ein Jahr alt war oder so\u2026 Alles sehr komplex!<\/p>\n<p>Permititis \u2013 Update!<\/p>\n<p>In den letzten Tagen hatte ich ja ein wenig abgel\u00e4stert wegen der Permititis und so weitert. Aber ich muss sagen, es ist doch berechtigt. Die Sandsteinformationen der Wave sind so fragil, dass schon die wenigen Besucher t\u00e4glich deutliche Spuren hinterlassen. Ohne Permit k\u00f6nnte man dort auch nicht wirklich fotografieren, denn es st\u00fcnden immer wieder Leute im Weg! Der Anfang des Weges kurz hinter dem Parkplatz ist jedenfalls schon total zertrampelt. Wenn da t\u00e4glich 100 und mehr Leute entlang wandern w\u00fcrden, die Wave w\u00e4re wohl schnell zerst\u00f6rt.<\/p>\n<p>An der Wave angekommen habe ich dann den bislang mit Abstand coolsten Fotospot der ganzen Reise erlebt! Die Wave und auch die nachgelagerte Second Wave sind wirklich einmalig. Tolle Sandsteinformationen gibt es hier habe echt viele, aber die Wave ist einfach perfekt!<\/p>\n<p><a rel=\"WLPP\" href=\"http:\/\/anscharius.files.wordpress.com\/2009\/03\/dsc09495b25d.jpg\"><img loading=\"lazy\" decoding=\"async\" style=\"display:inline;border-width:0;\" title=\"_DSC0949\" src=\"http:\/\/anscharius.files.wordpress.com\/2009\/03\/dsc09495b25d.jpg?w=300\" border=\"0\" alt=\"_DSC0949\" width=\"244\" height=\"163\" \/><\/a> <a rel=\"WLPP\" href=\"http:\/\/anscharius.files.wordpress.com\/2009\/03\/dsc09785b25d.jpg\"><img loading=\"lazy\" decoding=\"async\" style=\"display:inline;border-width:0;\" title=\"_DSC0978\" src=\"http:\/\/anscharius.files.wordpress.com\/2009\/03\/dsc09785b25d.jpg?w=300\" border=\"0\" alt=\"_DSC0978\" width=\"244\" height=\"163\" \/><\/a> <a rel=\"WLPP\" href=\"http:\/\/anscharius.files.wordpress.com\/2009\/03\/dsc09165b25d.jpg\"><img loading=\"lazy\" decoding=\"async\" style=\"display:inline;border-width:0;\" title=\"_DSC0916\" src=\"http:\/\/anscharius.files.wordpress.com\/2009\/03\/dsc09165b25d.jpg?w=300\" border=\"0\" alt=\"_DSC0916\" width=\"244\" height=\"163\" \/><\/a><\/p>\n<p>Vorort haben wir dann ein paar Leute vom Vortag wieder getroffen, die wir schon bei der Verlosung gesehen hatte. Es waren auch zwei Fotofreaks aus S\u00fcdafrika dort, die eigentlich auf dem Weg nach K\u00f6ln waren! Das kann auch einfacher gehen, aber einer der beiden hatte eine brandneue Nikon D3x im Gep\u00e4ck, nebst allen neuen Nobelgl\u00e4sern!! Die hat er meiner Meinung nach in den USA gekauft, daher der kleine Umweg :-) Sein Fotokumpel war vom anderen Ufer \u2013 er benutzte eine Canon 1 DS II oder III \u2013 ich kenne mich da nicht aus. Ok, ist nix schlimmes \u2013 Wolfgang fotografiert ja auch mit der \u201cfalschen Marke\u201d :-)<\/p>\n<p>Die beiden S\u00fcdafrikaner haben dann mehrere Stunden auf dem Boden gelegen, den Tag genossen und auf das Abendlicht an der Second Wave gewartet. Kurz bevor es spannend wurde, haben sie sogar einen gro\u00dfen Pinsel heraus gekramt und einige der filigranen penibel freigepinselt \u2013 Echte Profis \u2013 so schien es mir jedenfalls! Wie dem auch sei, als die Sonne dann endlich tief stand, standen die beiden Jungs auch tief \u2013 egal wie sie waren immer im Weg! Also habe ich die kurze Linse dran montiert und mich dazugestellt um auch ein wenig mit dem Spiegel zu klappern. \u201cWhat camera do you have there? Ab a Nikon D300, it has twelve Megapixels, hasn\u2019t it?\u201d \u201cYes it has!\u201d \u2026du alter Sack und ich weis auch genau warum Du mich das gefragt hast, nur weil du das doppelte hast und Deine breiten Schultern den schweren Klotz auch schleppen k\u00f6nnen! N\u00e4chste Woche beginne ich mit Bodybuilding und dann kaufe ich mir auch ne D3x!! :-)\u00a0\u00a0 \u2026ok, vielleicht auch nicht\u2026<\/p>\n<p>Bei der Verabschiedung sagt Wolfgang dann zum Canonknipser \u201cOk, see you next time!\u201d Dieser grinst nur und sagt dann \u201cWhen will that be?\u201d \u2013 Recht hat er \u2013 vielleicht bei der Photokina in K\u00f6ln wenn Nikon n\u00e4chstes Jahr die D4x vorstellt. Dann frage ich seinen Kumpel wie viele Pixel er hat :-]<\/p>\n<p><a rel=\"WLPP\" href=\"http:\/\/anscharius.files.wordpress.com\/2009\/03\/dsc12265b25d.jpg\"><img loading=\"lazy\" decoding=\"async\" style=\"display:inline;border-width:0;\" title=\"_DSC1226\" src=\"http:\/\/anscharius.files.wordpress.com\/2009\/03\/dsc12265b25d.jpg?w=300\" border=\"0\" alt=\"_DSC1226\" width=\"244\" height=\"163\" \/><\/a> <a rel=\"WLPP\" href=\"http:\/\/anscharius.files.wordpress.com\/2009\/03\/dsc12955b25d.jpg\"><img loading=\"lazy\" decoding=\"async\" style=\"display:inline;border-width:0;\" title=\"_DSC1295\" src=\"http:\/\/anscharius.files.wordpress.com\/2009\/03\/dsc12955b25d.jpg?w=300\" border=\"0\" alt=\"_DSC1295\" width=\"244\" height=\"163\" \/><\/a> <a rel=\"WLPP\" href=\"http:\/\/anscharius.files.wordpress.com\/2009\/03\/dsc12435b25d.jpg\"><img loading=\"lazy\" decoding=\"async\" style=\"display:inline;border-width:0;\" title=\"_DSC1243\" src=\"http:\/\/anscharius.files.wordpress.com\/2009\/03\/dsc12435b25d.jpg?w=300\" border=\"0\" alt=\"_DSC1243\" width=\"244\" height=\"163\" \/><\/a><\/p>\n<p>Ok, die Sonne war weg, 1000 Bilder auf der Speicherkarte und wir treten den R\u00fcckweg an. Diesmal aber einen anderen als den Hinweg. Und der war richtig cool. Es geht &#8222;hinten herum&#8220; den Berg hinab, dann durch so etwas wie einen kleinen Canyon. Am &#8222;Basislager&#8220; mit den Klamotten und Getr\u00e4nken gibt es eine kleine Pause. Auf dem Rest des Weges verquatschen wir uns so, dass wir den richtigen Weg doch nicht nehmen weil wir beide nicht auf unsere GPS-Systeme geschaut haben. Letzlich laufen wir fast so etwas wie eine gro\u00dfe 8 mit einem Basislager in der Mitte. Sp\u00e4ter packe ich mal das KMZ hier dazu, dann kann man sich alles in Google Earth anschauen! Ein kleines Video habe ich auch gemacht, das gibt es dann auch noch.<\/p>\n<p>P\u00fcnktlich um 19h06 waren wir jedenfalls hier am Steakhouse. Ofenkartoffel, Sour Cream, Steak, Corono \u2013 eine einfache Bestellung! Da sa\u00df ich also vor meinem ersten amerikanischen Steak, und es war gar nicht schlecht. Ok, mit dem El Chico in Mainz kann es nicht mithalten, aber das k\u00f6nnen die wenigsten Steakh\u00e4user! Aber es war doch lecker \u2013 und nun bin ich satt und trocken daheim an meinem Notebook. Die Internetverbindung geht wieder, jemand hat wohl am Stecker gewackelt und alles ist gut!<\/p>\n<p>Morgen geht es dann um 8h30 zum Fr\u00fchst\u00fcck und danach zum Blue Canyon \u2013 mal schauen wie viele 15 Minuten die Wanderung dort dauert\u2026.<\/p>\n<p>Hier gibt es die <a href=\"http:\/\/cid-eab5c6b74ac48440.skydrive.live.com\/play.aspx\/The Wave?ref=1\" target=\"_blank\">Diashow<\/a> zum Tag an der Wave.<\/p>\n<p>Wolfgang hat seine <a href=\"http:\/\/www.kieckbusch.de\/html\/0303.html\" target=\"_blank\">Bilder<\/a> auch schon online.<\/p>\n<p>Update Januar 2011:\u00a0Das Video des Tages gibt es leider mehr weil Microsoft seinen Videodienst SoabBox mittlerweile eingestampft hat &#8211; Schade! Aber die Videos habe ich noch irgendwo auf einer Festplatte und beizeiten lade ich sie mal bei Youtube hoch.<\/p>\n<p>&nbsp;<\/p>\n<p>Update \u2013 04.03.2009 \u2013 Nun ist auch ein Bild der Wave in der Fotocommunity zu sehen:<\/p>\n<p><a title=\"http:\/\/www.fotocommunity.de\/pc\/pc\/mypics\/586976\/display\/16237433\" href=\"http:\/\/www.fotocommunity.de\/pc\/pc\/mypics\/586976\/display\/16237433\">http:\/\/www.fotocommunity.de\/pc\/pc\/mypics\/586976\/display\/16237433<\/a><\/p>\n<h1>Update vom 1. April 2009 (Kein Scherz)<\/h1>\n<p>Es ist mitten in der Nacht, kurz vor drei Uhr deutscher Zeit. Ich kann nicht recht schlafen, das Jetlag hat mich im Griff\u2026<\/p>\n<p>Hier die versprochene Trackauswertung des Hikes zur Wave:<\/p>\n<p><a rel=\"WLPP\" href=\"http:\/\/anscharius.files.wordpress.com\/2009\/03\/image5b25d767436b2.png\"><img loading=\"lazy\" decoding=\"async\" style=\"display:inline;border:0;\" title=\"image\" src=\"http:\/\/anscharius.files.wordpress.com\/2009\/03\/image5b25d767436b2.png?w=300\" border=\"0\" alt=\"image\" width=\"244\" height=\"176\" \/><\/a> <a rel=\"WLPP\" href=\"http:\/\/anscharius.files.wordpress.com\/2009\/03\/image5b55d362752bb.png\"><img loading=\"lazy\" decoding=\"async\" style=\"display:inline;border:0;\" title=\"image\" src=\"http:\/\/anscharius.files.wordpress.com\/2009\/03\/image5b55d362752bb.png?w=300\" border=\"0\" alt=\"image\" width=\"244\" height=\"166\" \/><\/a> <a rel=\"WLPP\" href=\"http:\/\/anscharius.files.wordpress.com\/2009\/03\/image5b85d7163edfc.png\"><img loading=\"lazy\" decoding=\"async\" style=\"display:inline;border:0;\" title=\"image\" src=\"http:\/\/anscharius.files.wordpress.com\/2009\/03\/image5b85d7163edfc.png?w=300\" border=\"0\" alt=\"image\" width=\"244\" height=\"166\" \/><\/a><\/p>\n<p><a rel=\"WLPP\" href=\"http:\/\/anscharius.files.wordpress.com\/2009\/03\/image5b115d1cd025b1.png\"><img loading=\"lazy\" decoding=\"async\" style=\"display:inline;border:0;\" title=\"image\" src=\"http:\/\/anscharius.files.wordpress.com\/2009\/03\/image5b115d1cd025b1.png?w=300\" border=\"0\" alt=\"image\" width=\"244\" height=\"182\" \/><\/a> <a rel=\"WLPP\" href=\"http:\/\/anscharius.files.wordpress.com\/2009\/03\/image5b145d467983cf.png\"><img loading=\"lazy\" decoding=\"async\" style=\"display:inline;border:0;\" title=\"image\" src=\"http:\/\/anscharius.files.wordpress.com\/2009\/03\/image5b145d467983cf.png?w=300\" border=\"0\" alt=\"image\" width=\"244\" height=\"182\" \/><\/a> <a rel=\"WLPP\" href=\"http:\/\/anscharius.files.wordpress.com\/2009\/03\/image5b175d5556bbe1.png\"><img loading=\"lazy\" decoding=\"async\" style=\"display:inline;border:0;\" title=\"image\" src=\"http:\/\/anscharius.files.wordpress.com\/2009\/03\/image5b175d5556bbe1.png?w=300\" border=\"0\" alt=\"image\" width=\"244\" height=\"182\" \/><\/a><\/p>\n<p><a title=\"Einfach downloaden, KML entpacken und via Google Earth \u00f6ffnen.\" href=\"http:\/\/www.anscharius.de\/USA\/2009-03-03-TheWave.kmz\" target=\"_blank\">Hier gibt es das KMZ<\/a> zum selber gucken.<\/p>\n<p><a title=\"Downloaden und via MapSource ins GPS \u00fcbertragen.\" href=\"http:\/\/www.anscharius.de\/USA\/TheWave.gpx\" target=\"_blank\">Hier habe ich ein GPX mit dem Rundweg um die Wave abgelegt<\/a>. Einfach downloaden und mit Mapsource \u00f6ffnen, dann ins Garmin Colorado oder kompatible Ger\u00e4te \u00fcbertagen. Ich hoffe es klappt mit dem Permit! W\u00fcnsche viel Spa\u00df bei dieser Wanderung.<\/p>\n<p>&nbsp;<\/p>\n<p>&nbsp;<\/p>\n<p>&nbsp;<\/p>\n<p>&nbsp;<\/p>\n<p>&nbsp;<\/p>\n<\/div>\n","protected":false},"excerpt":{"rendered":"<p>Heute war der Tag der Tage! Und am Ende dieses Tages bin ich so fertig, dass ich kaum noch Piep sagen kann. Die Wave ist ja nicht so sehr weit vom Trail-Head entfernt , aber wenn man dort den ganzen Tage verbringt, komplettes Marschgep\u00e4ck hinschleppt und dann auch noch mehrere Kameras und eine kleine Kollektion [&hellip;]<\/p>\n","protected":false},"author":2,"featured_media":0,"comment_status":"open","ping_status":"open","sticky":false,"template":"","format":"standard","meta":{"jetpack_post_was_ever_published":false,"_jetpack_newsletter_access":"","_jetpack_dont_email_post_to_subs":false,"_jetpack_newsletter_tier_id":0,"_jetpack_memberships_contains_paywalled_content":false,"_jetpack_memberships_contains_paid_content":false,"footnotes":"","jetpack_publicize_message":"","jetpack_publicize_feature_enabled":true,"jetpack_social_post_already_shared":false,"jetpack_social_options":{"image_generator_settings":{"template":"highway","default_image_id":0,"enabled":false},"version":2}},"categories":[6,13],"tags":[],"class_list":["post-106","post","type-post","status-publish","format-standard","hentry","category-fotografie","category-nikon"],"jetpack_publicize_connections":[],"jetpack_featured_media_url":"","jetpack_shortlink":"https:\/\/wp.me\/p2px01-1I","jetpack_sharing_enabled":true,"_links":{"self":[{"href":"https:\/\/www.nikonhumors.com\/index.php?rest_route=\/wp\/v2\/posts\/106","targetHints":{"allow":["GET"]}}],"collection":[{"href":"https:\/\/www.nikonhumors.com\/index.php?rest_route=\/wp\/v2\/posts"}],"about":[{"href":"https:\/\/www.nikonhumors.com\/index.php?rest_route=\/wp\/v2\/types\/post"}],"author":[{"embeddable":true,"href":"https:\/\/www.nikonhumors.com\/index.php?rest_route=\/wp\/v2\/users\/2"}],"replies":[{"embeddable":true,"href":"https:\/\/www.nikonhumors.com\/index.php?rest_route=%2Fwp%2Fv2%2Fcomments&post=106"}],"version-history":[{"count":0,"href":"https:\/\/www.nikonhumors.com\/index.php?rest_route=\/wp\/v2\/posts\/106\/revisions"}],"wp:attachment":[{"href":"https:\/\/www.nikonhumors.com\/index.php?rest_route=%2Fwp%2Fv2%2Fmedia&parent=106"}],"wp:term":[{"taxonomy":"category","embeddable":true,"href":"https:\/\/www.nikonhumors.com\/index.php?rest_route=%2Fwp%2Fv2%2Fcategories&post=106"},{"taxonomy":"post_tag","embeddable":true,"href":"https:\/\/www.nikonhumors.com\/index.php?rest_route=%2Fwp%2Fv2%2Ftags&post=106"}],"curies":[{"name":"wp","href":"https:\/\/api.w.org\/{rel}","templated":true}]}}